{"id":6025,"date":"2017-09-27T16:41:53","date_gmt":"2017-09-27T16:41:53","guid":{"rendered":"http:\/\/femepa.org\/web\/?p=5423"},"modified":"2017-09-27T16:41:53","modified_gmt":"2017-09-27T16:41:53","slug":"los-talleres-se-ponen-al-dia-con-los-fabricantes-y-las-nuevas-normativas-de-la-ue","status":"publish","type":"post","link":"https:\/\/femepa.org\/web\/los-talleres-se-ponen-al-dia-con-los-fabricantes-y-las-nuevas-normativas-de-la-ue\/","title":{"rendered":"Los talleres se ponen al d\u00eda con los fabricantes y las nuevas normativas de la UE"},"content":{"rendered":"<p>EL pr\u00f3ximo 7 de octubre, el Auditorio Alfredo Kraus albergar\u00e1 la jornada profesional de Talleres de Auntomoci\u00f3n. La jornada ser\u00e1 uno de los encuentros m\u00e1s importantes e interesantes del sector, por la inter\u00e9s y actualidad de las charlas que van a tener lugar en ella.<\/p>\n<p>La jornada, organizada pro ATARE y FEMEPA, con el apoyo de SAGULPA\u00a0que tiene previsto su <strong>inicio a las 10:00 AM<\/strong>, tratar\u00e1 dos asuntos centrales de especial inter\u00e9s para los talleres:<\/p>\n<ol>\n<li>el acceso a la informaci\u00f3n de los fabricantes por parte de los talleres<\/li>\n<li>la coordinaci\u00f3n en\u00a0prevenci\u00f3n de riesgos laborales, la Tarjeta Profesional del Metal, TPM.<\/li>\n<\/ol>\n<p>&nbsp;<\/p>\n<p>Adem\u00e1s, <strong>Miguel \u00c1ngel Guisado<\/strong> dar\u00e1 una <strong>charla motivacional<\/strong> sobre \u201cLa Comunicaci\u00f3n como Informaci\u00f3n no Expl\u00edcita\u201d.<\/p>\n<p>Las <strong>plazas son limitadas<\/strong> y la asistencia es de car\u00e1cter <strong>gratuito<\/strong>.<br \/>\nPor ello es preciso confirmar asistencia en el tel\u00e9fono <strong>928 292964<\/strong><\/p>\n<p>Este es el programa definitivo<\/p>\n<p>&nbsp;<\/p>\n<p>10.00-10.15: Apertura<br \/>\n10.15-10.45: Ponencia motivacional (Miguel Angel Guisado)<br \/>\n10.45-11.30: El acceso a la informaci\u00f3n t\u00e9cnica de los Fabricantes en los talleres y las nuevas normativas de la CE sobre los talleres. Eli Ceballos.<br \/>\n11.30 Coffee Break<br \/>\n12.00-13.00: EL TALLER CONECTADO A TRAV\u00c9S DEL FABRICANTE. Xabier Iraragorri.<br \/>\n13.00-13.30: Ponencia Patrocinada<br \/>\n13.30-14.00: La nueva formaci\u00f3n en PRL para el sector de Talleres de Reparaciones de Veh\u00edculos y la Tarjeta Profesional del Metal. Segundo Convenio Estatal del Metal: Jos\u00e9 Miguel Rodr\u00edguez Mart\u00edn<\/p>\n","protected":false},"excerpt":{"rendered":"<p>EL pr\u00f3ximo 7 de octubre, el Auditorio Alfredo Kraus albergar\u00e1 la jornada profesional de Talleres de Auntomoci\u00f3n. La jornada ser\u00e1 uno de los encuentros m\u00e1s importantes e interesantes del sector, por la inter\u00e9s y actualidad de las charlas que van a tener lugar en ella. La jornada, organizada pro ATARE y FEMEPA, con el apoyo [&hellip;]<\/p>\n","protected":false},"author":4,"featured_media":41875,"comment_status":"closed","ping_status":"closed","sticky":false,"template":"","format":"standard","meta":{"_acf_changed":false,"rs_blank_template":"","rs_page_bg_color":"","slide_template_v7":"","footnotes":""},"categories":[1],"tags":[152,276,261],"class_list":["post-6025","post","type-post","status-publish","format-standard","has-post-thumbnail","hentry","category-sin-categoria","tag-jornada","tag-rofesionales","tag-talleres"],"acf":[],"_links":{"self":[{"href":"https:\/\/femepa.org\/web\/wp-json\/wp\/v2\/posts\/6025","targetHints":{"allow":["GET"]}}],"collection":[{"href":"https:\/\/femepa.org\/web\/wp-json\/wp\/v2\/posts"}],"about":[{"href":"https:\/\/femepa.org\/web\/wp-json\/wp\/v2\/types\/post"}],"author":[{"embeddable":true,"href":"https:\/\/femepa.org\/web\/wp-json\/wp\/v2\/users\/4"}],"replies":[{"embeddable":true,"href":"https:\/\/femepa.org\/web\/wp-json\/wp\/v2\/comments?post=6025"}],"version-history":[{"count":0,"href":"https:\/\/femepa.org\/web\/wp-json\/wp\/v2\/posts\/6025\/revisions"}],"wp:featuredmedia":[{"embeddable":true,"href":"https:\/\/femepa.org\/web\/wp-json\/wp\/v2\/media\/41875"}],"wp:attachment":[{"href":"https:\/\/femepa.org\/web\/wp-json\/wp\/v2\/media?parent=6025"}],"wp:term":[{"taxonomy":"category","embeddable":true,"href":"https:\/\/femepa.org\/web\/wp-json\/wp\/v2\/categories?post=6025"},{"taxonomy":"post_tag","embeddable":true,"href":"https:\/\/femepa.org\/web\/wp-json\/wp\/v2\/tags?post=6025"}],"curies":[{"name":"wp","href":"https:\/\/api.w.org\/{rel}","templated":true}]}}