{"id":6029,"date":"2017-10-15T21:41:19","date_gmt":"2017-10-15T21:41:19","guid":{"rendered":"http:\/\/femepa.org\/web\/?p=5471"},"modified":"2017-10-15T21:41:19","modified_gmt":"2017-10-15T21:41:19","slug":"la-semana-de-la-nautica-abre-debates-criticos-para-el-sector","status":"publish","type":"post","link":"https:\/\/femepa.org\/web\/la-semana-de-la-nautica-abre-debates-criticos-para-el-sector\/","title":{"rendered":"LA SEMANA de la NAUTICA abre debates cr\u00edticos para el sector"},"content":{"rendered":"<p>La SEMANA de la NAUTICA que organizan AENAUTICA y FEMEPA se celebrar\u00e1n entre los d\u00edas 25, 26 y 27 de octubre en el Club Varadero del Muelle Deportivo.<\/p>\n<p>Este a\u00f1o los debates centrar\u00e1n el protagonismo de las jornadas, pues los temas que se van a abordar son fundamentales en el futuro del sector.<\/p>\n<p>El mi\u00e9rcoles 25 se hablar\u00e1 sobre el uso del dominio p\u00fablico mar\u00edtimo y para ello vendr\u00e1 D. Daniel Cort\u00e9s, del SEMAR a tratar de aclarar aspectos sobre este asunto.<\/p>\n<p>El jueves 26, el presidente de AENAUTICA nos hablar\u00e1 sobre la situaci\u00f3n de la N\u00e1utica recreativa en Canarias y nos dar\u00e1 las claves para combatir lo escaso de su atractivo para los empresarios<\/p>\n<p>El viernes 27, se tratar\u00e1 el tema de los vertidos en el mar y las microalgas, y para ello vendr\u00e1n Javier Ar\u00edstegui, Catedr\u00e1tico de la ULPGC y Fernando Fern\u00e1ndez Pinazo, del Consejo Insular de Aguas de Gran Canaria.<\/p>\n<p>La asistencia a las jornadas es gratuita, pero se recomienda reserva de plaza y confirmaci\u00f3n en el 928 29 61 61<\/p>\n","protected":false},"excerpt":{"rendered":"<p>La SEMANA de la NAUTICA que organizan AENAUTICA y FEMEPA se celebrar\u00e1n entre los d\u00edas 25, 26 y 27 de octubre en el Club Varadero del Muelle Deportivo. Este a\u00f1o los debates centrar\u00e1n el protagonismo de las jornadas, pues los temas que se van a abordar son fundamentales en el futuro del sector. El mi\u00e9rcoles [&hellip;]<\/p>\n","protected":false},"author":4,"featured_media":41896,"comment_status":"closed","ping_status":"closed","sticky":false,"template":"","format":"standard","meta":{"_acf_changed":false,"rs_blank_template":"","rs_page_bg_color":"","slide_template_v7":"","footnotes":""},"categories":[1],"tags":[291,64,292],"class_list":["post-6029","post","type-post","status-publish","format-standard","has-post-thumbnail","hentry","category-sin-categoria","tag-aunautica-semana-nautica","tag-femepa","tag-microalgas"],"acf":[],"_links":{"self":[{"href":"https:\/\/femepa.org\/web\/wp-json\/wp\/v2\/posts\/6029","targetHints":{"allow":["GET"]}}],"collection":[{"href":"https:\/\/femepa.org\/web\/wp-json\/wp\/v2\/posts"}],"about":[{"href":"https:\/\/femepa.org\/web\/wp-json\/wp\/v2\/types\/post"}],"author":[{"embeddable":true,"href":"https:\/\/femepa.org\/web\/wp-json\/wp\/v2\/users\/4"}],"replies":[{"embeddable":true,"href":"https:\/\/femepa.org\/web\/wp-json\/wp\/v2\/comments?post=6029"}],"version-history":[{"count":0,"href":"https:\/\/femepa.org\/web\/wp-json\/wp\/v2\/posts\/6029\/revisions"}],"wp:featuredmedia":[{"embeddable":true,"href":"https:\/\/femepa.org\/web\/wp-json\/wp\/v2\/media\/41896"}],"wp:attachment":[{"href":"https:\/\/femepa.org\/web\/wp-json\/wp\/v2\/media?parent=6029"}],"wp:term":[{"taxonomy":"category","embeddable":true,"href":"https:\/\/femepa.org\/web\/wp-json\/wp\/v2\/categories?post=6029"},{"taxonomy":"post_tag","embeddable":true,"href":"https:\/\/femepa.org\/web\/wp-json\/wp\/v2\/tags?post=6029"}],"curies":[{"name":"wp","href":"https:\/\/api.w.org\/{rel}","templated":true}]}}