{"id":6031,"date":"2017-10-23T11:26:02","date_gmt":"2017-10-23T11:26:02","guid":{"rendered":"http:\/\/femepa.org\/web\/?p=5477"},"modified":"2017-10-23T11:26:02","modified_gmt":"2017-10-23T11:26:02","slug":"femepa-y-aeunautica-presentan-la-semana-de-la-nautica","status":"publish","type":"post","link":"https:\/\/femepa.org\/web\/femepa-y-aeunautica-presentan-la-semana-de-la-nautica\/","title":{"rendered":"FEMEPA y AENAUTICA presentan la SEMANA DE LA NAUTICA"},"content":{"rendered":"<p>El Concejal de Ciudad de Mar de Las Palmas de Gran Canaria, Jos\u00e9 Eduardo Ram\u00edrez, presidi\u00f3 la rueda de prensa de presentaci\u00f3n de La Semana N\u00e1utica, que tendr\u00e1 lugar los pr\u00f3ximos d\u00edas 25, 26 y 27 de octubre en el Club Mar\u00edtimo Varadero, en el Muelle Deportivo. A su lado, el secretario general de FEMEPA, Juan Carlos Betancor, y Manuel Guerra, presidente de AENAUTICA, se\u00f1alaron la importancia de estas jornadas para abrir debates cr\u00edticos y fundamentales en el futuro del sector, que necesita respuestas por parte de los organismos responsables para mejorar su competitividad y atractivo.<\/p>\n<p>Las jornadas comenzar\u00e1n a las 19 de la tarde y al finalizar habr\u00e1 un espacio para el networking.<\/p>\n","protected":false},"excerpt":{"rendered":"<p>El Concejal de Ciudad de Mar de Las Palmas de Gran Canaria, Jos\u00e9 Eduardo Ram\u00edrez, presidi\u00f3 la rueda de prensa de presentaci\u00f3n de La Semana N\u00e1utica, que tendr\u00e1 lugar los pr\u00f3ximos d\u00edas 25, 26 y 27 de octubre en el Club Mar\u00edtimo Varadero, en el Muelle Deportivo. A su lado, el secretario general de FEMEPA, [&hellip;]<\/p>\n","protected":false},"author":4,"featured_media":5482,"comment_status":"closed","ping_status":"closed","sticky":false,"template":"","format":"standard","meta":{"_acf_changed":false,"rs_blank_template":"","rs_page_bg_color":"","slide_template_v7":"","footnotes":""},"categories":[1],"tags":[87,294,295,64,296,297],"class_list":["post-6031","post","type-post","status-publish","format-standard","has-post-thumbnail","hentry","category-sin-categoria","tag-aenautica","tag-ciudad-mar","tag-cluster","tag-femepa","tag-lpa","tag-semana-nautica-ayuntamiento"],"acf":[],"_links":{"self":[{"href":"https:\/\/femepa.org\/web\/wp-json\/wp\/v2\/posts\/6031","targetHints":{"allow":["GET"]}}],"collection":[{"href":"https:\/\/femepa.org\/web\/wp-json\/wp\/v2\/posts"}],"about":[{"href":"https:\/\/femepa.org\/web\/wp-json\/wp\/v2\/types\/post"}],"author":[{"embeddable":true,"href":"https:\/\/femepa.org\/web\/wp-json\/wp\/v2\/users\/4"}],"replies":[{"embeddable":true,"href":"https:\/\/femepa.org\/web\/wp-json\/wp\/v2\/comments?post=6031"}],"version-history":[{"count":0,"href":"https:\/\/femepa.org\/web\/wp-json\/wp\/v2\/posts\/6031\/revisions"}],"wp:featuredmedia":[{"embeddable":true,"href":"https:\/\/femepa.org\/web\/wp-json\/wp\/v2\/media\/5482"}],"wp:attachment":[{"href":"https:\/\/femepa.org\/web\/wp-json\/wp\/v2\/media?parent=6031"}],"wp:term":[{"taxonomy":"category","embeddable":true,"href":"https:\/\/femepa.org\/web\/wp-json\/wp\/v2\/categories?post=6031"},{"taxonomy":"post_tag","embeddable":true,"href":"https:\/\/femepa.org\/web\/wp-json\/wp\/v2\/tags?post=6031"}],"curies":[{"name":"wp","href":"https:\/\/api.w.org\/{rel}","templated":true}]}}