{"id":6036,"date":"2017-11-01T11:29:02","date_gmt":"2017-11-01T11:29:02","guid":{"rendered":"http:\/\/femepa.org\/web\/?p=5771"},"modified":"2017-11-01T11:29:02","modified_gmt":"2017-11-01T11:29:02","slug":"ya-a-la-venta-las-entradas-para-la-fiesta-de-gala-de-los-40-de-femepa","status":"publish","type":"post","link":"https:\/\/femepa.org\/web\/ya-a-la-venta-las-entradas-para-la-fiesta-de-gala-de-los-40-de-femepa\/","title":{"rendered":"Ya a la venta las entradas para la Fiesta de Gala de los 40 de FEMEPA"},"content":{"rendered":"<p>El pr\u00f3ximo 24 de noviembre, FEMEPA celebra sus 40 a\u00f1os de vida. La Federaci\u00f3n del Metal y las Nuevas Tecnolog\u00edas de Las Palmas, hizo p\u00fablico el programa de la celebraci\u00f3n, que tendr\u00e1 como plato fuerte, la actuaci\u00f3n de la cantante Cristina Ramos que pondr\u00e1 con su prodigiosa voz el colof\u00f3n a la fiesta. El acto tendr\u00e1 lugar el d\u00eda 24 de noviembre en el Auditorio Alfredo Kraus, y el acceso al evento est\u00e1 reservado para los asociados a la federaci\u00f3n. En la cena de Gala, a la que acudir\u00e1n personalidades de la pol\u00edtica y la sociedad de la provincia, se har\u00e1n reconocimientos hist\u00f3ricos a miembros y empresas hist\u00f3ricos y futuros, a empresas cuyas pol\u00edticas sean un ejemplo a seguir en los siguientes 40 a\u00f1os de vida.<\/p>\n<p>Este evento culmina un a\u00f1o entero de actividad donde FEMEPA ha organizado y colaborado en la organizaci\u00f3n eventos dinamizaci\u00f3n de los sectores que representa.<\/p>\n<p>Para reservar plazas en el acto y m\u00e1s informaci\u00f3n, hay que llamar al 928 29 61 61<\/p>\n","protected":false},"excerpt":{"rendered":"<p>El pr\u00f3ximo 24 de noviembre, FEMEPA celebra sus 40 a\u00f1os de vida. La Federaci\u00f3n del Metal y las Nuevas Tecnolog\u00edas de Las Palmas, hizo p\u00fablico el programa de la celebraci\u00f3n, que tendr\u00e1 como plato fuerte, la actuaci\u00f3n de la cantante Cristina Ramos que pondr\u00e1 con su prodigiosa voz el colof\u00f3n a la fiesta. El acto [&hellip;]<\/p>\n","protected":false},"author":4,"featured_media":41905,"comment_status":"closed","ping_status":"closed","sticky":false,"template":"","format":"standard","meta":{"_acf_changed":false,"rs_blank_template":"","rs_page_bg_color":"","slide_template_v7":"","footnotes":""},"categories":[1],"tags":[306,256,289,64,307,290],"class_list":["post-6036","post","type-post","status-publish","format-standard","has-post-thumbnail","hentry","category-sin-categoria","tag-40-aniversario","tag-alfredo-kraus","tag-cristina-ramos","tag-femepa","tag-gala","tag-los-40"],"acf":[],"_links":{"self":[{"href":"https:\/\/femepa.org\/web\/wp-json\/wp\/v2\/posts\/6036","targetHints":{"allow":["GET"]}}],"collection":[{"href":"https:\/\/femepa.org\/web\/wp-json\/wp\/v2\/posts"}],"about":[{"href":"https:\/\/femepa.org\/web\/wp-json\/wp\/v2\/types\/post"}],"author":[{"embeddable":true,"href":"https:\/\/femepa.org\/web\/wp-json\/wp\/v2\/users\/4"}],"replies":[{"embeddable":true,"href":"https:\/\/femepa.org\/web\/wp-json\/wp\/v2\/comments?post=6036"}],"version-history":[{"count":0,"href":"https:\/\/femepa.org\/web\/wp-json\/wp\/v2\/posts\/6036\/revisions"}],"wp:featuredmedia":[{"embeddable":true,"href":"https:\/\/femepa.org\/web\/wp-json\/wp\/v2\/media\/41905"}],"wp:attachment":[{"href":"https:\/\/femepa.org\/web\/wp-json\/wp\/v2\/media?parent=6036"}],"wp:term":[{"taxonomy":"category","embeddable":true,"href":"https:\/\/femepa.org\/web\/wp-json\/wp\/v2\/categories?post=6036"},{"taxonomy":"post_tag","embeddable":true,"href":"https:\/\/femepa.org\/web\/wp-json\/wp\/v2\/tags?post=6036"}],"curies":[{"name":"wp","href":"https:\/\/api.w.org\/{rel}","templated":true}]}}