{"id":6041,"date":"2017-11-14T07:26:42","date_gmt":"2017-11-14T07:26:42","guid":{"rendered":"http:\/\/femepa.org\/web\/?p=5789"},"modified":"2017-11-14T07:26:42","modified_gmt":"2017-11-14T07:26:42","slug":"cremotor-el-encuentro-de-la-crem-en-tenerife","status":"publish","type":"post","link":"https:\/\/femepa.org\/web\/cremotor-el-encuentro-de-la-crem-en-tenerife\/","title":{"rendered":"CREMOTOR, el encuentro de la CREM en Tenerife"},"content":{"rendered":"<p>Los pasados d\u00edas 10 y 11 de noviembre tuvo lugar en el Recinto Ferial de Santa Cruz de Tenerife el Congreso CREMETAL E-MOTOR, organizado por la Confederaci\u00f3n Regional de Empresas del Metal de Canarias (integrada por Federaci\u00f3n Femete y Femepa).<\/p>\n<p>En la organizaci\u00f3n participaron el Gobierno de Canarias, a trav\u00e9s del Instituto Tecnol\u00f3gico de Canarias, S.A., y el Cabildo de Tenerife, con la colaboraci\u00f3n de la Sociedad de Desarrollo de Santa Cruz de Tenerife y los patrocinios de Antea Prevenci\u00f3n, CSM, Asintra, Fen\u00ede Energ\u00eda y Asinelte.<\/p>\n<p>Unas 200 personas acreditadas participaron en este encuentro donde los asistentes pudieron ponerse al d\u00eda de la situaci\u00f3n de la implantaci\u00f3n del veh\u00edculo el\u00e9ctrico en Canarias y las novedades de los fabricantes, en materia de legislaci\u00f3n, avances en infraestructuras y formaci\u00f3n. FEMEPA estuvo presente en el congreso con una delegaci\u00f3n encabezada por el presidente D. Vicente Marrero.<\/p>\n<p><img fetchpriority=\"high\" decoding=\"async\" class=\"alignnone size-medium wp-image-5792\" src=\"http:\/\/femepa.org\/web\/wp-content\/uploads\/2017\/11\/2017-11-11-PHOTO-00000103-300x225.jpg\" alt=\"\" width=\"300\" height=\"225\" \/><b><\/b><i><\/i><u><\/u><img decoding=\"async\" class=\"size-medium wp-image-5790 alignnone\" src=\"http:\/\/femepa.org\/web\/wp-content\/uploads\/2017\/11\/2017-11-11-PHOTO-00000101-300x146.jpg\" alt=\"\" width=\"300\" height=\"146\" \/><img decoding=\"async\" class=\"alignnone size-medium wp-image-5793\" src=\"http:\/\/femepa.org\/web\/wp-content\/uploads\/2017\/11\/2017-11-11-PHOTO-00000104-300x225.jpg\" alt=\"\" width=\"300\" height=\"225\" \/><\/p>\n","protected":false},"excerpt":{"rendered":"<p>Los pasados d\u00edas 10 y 11 de noviembre tuvo lugar en el Recinto Ferial de Santa Cruz de Tenerife el Congreso CREMETAL E-MOTOR, organizado por la Confederaci\u00f3n Regional de Empresas del Metal de Canarias (integrada por Federaci\u00f3n Femete y Femepa). En la organizaci\u00f3n participaron el Gobierno de Canarias, a trav\u00e9s del Instituto Tecnol\u00f3gico de Canarias, [&hellip;]<\/p>\n","protected":false},"author":4,"featured_media":41912,"comment_status":"closed","ping_status":"closed","sticky":false,"template":"","format":"standard","meta":{"_acf_changed":false,"rs_blank_template":"","rs_page_bg_color":"","slide_template_v7":"","footnotes":""},"categories":[1],"tags":[239,64,320,321,146],"class_list":["post-6041","post","type-post","status-publish","format-standard","has-post-thumbnail","hentry","category-sin-categoria","tag-cremotor","tag-femepa","tag-femete","tag-palacio-congresos","tag-tenerife"],"acf":[],"_links":{"self":[{"href":"https:\/\/femepa.org\/web\/wp-json\/wp\/v2\/posts\/6041","targetHints":{"allow":["GET"]}}],"collection":[{"href":"https:\/\/femepa.org\/web\/wp-json\/wp\/v2\/posts"}],"about":[{"href":"https:\/\/femepa.org\/web\/wp-json\/wp\/v2\/types\/post"}],"author":[{"embeddable":true,"href":"https:\/\/femepa.org\/web\/wp-json\/wp\/v2\/users\/4"}],"replies":[{"embeddable":true,"href":"https:\/\/femepa.org\/web\/wp-json\/wp\/v2\/comments?post=6041"}],"version-history":[{"count":0,"href":"https:\/\/femepa.org\/web\/wp-json\/wp\/v2\/posts\/6041\/revisions"}],"wp:featuredmedia":[{"embeddable":true,"href":"https:\/\/femepa.org\/web\/wp-json\/wp\/v2\/media\/41912"}],"wp:attachment":[{"href":"https:\/\/femepa.org\/web\/wp-json\/wp\/v2\/media?parent=6041"}],"wp:term":[{"taxonomy":"category","embeddable":true,"href":"https:\/\/femepa.org\/web\/wp-json\/wp\/v2\/categories?post=6041"},{"taxonomy":"post_tag","embeddable":true,"href":"https:\/\/femepa.org\/web\/wp-json\/wp\/v2\/tags?post=6041"}],"curies":[{"name":"wp","href":"https:\/\/api.w.org\/{rel}","templated":true}]}}