{"id":6042,"date":"2017-11-23T23:24:10","date_gmt":"2017-11-23T23:24:10","guid":{"rendered":"http:\/\/femepa.org\/web\/?p=5798"},"modified":"2017-11-23T23:24:10","modified_gmt":"2017-11-23T23:24:10","slug":"el-presidente-del-gobierno-de-canarias-recibe-a-femepa","status":"publish","type":"post","link":"https:\/\/femepa.org\/web\/el-presidente-del-gobierno-de-canarias-recibe-a-femepa\/","title":{"rendered":"El Presidente del Gobierno de Canarias recibe a FEMEPA"},"content":{"rendered":"<p>El jueves 23, el Presidente del Gobierno de Canarias, Fernando Clavijo recibi\u00f3 al una delegaci\u00f3n en representaci\u00f3n de FEMEPA, integrada por miembros de su Junta Directiva y del Comit\u00e9 de Direcci\u00f3n. Encabezados por el presidente, D. Vicente Marrero, la Federaci\u00f3n tuvo un encuentro cordial con el Presidente del Gobierno con motivo de la invitaci\u00f3n a la Gala del 40 Aniversario de FEMEPA.<\/p>\n<p>EL presidente excus\u00f3 su asistencia pero dese\u00f3 seguir contando con la Federaci\u00f3n de quien destac\u00f3 su labor en el impulso de la econom\u00eda canaria y su labor en la creaci\u00f3n de empleo.<\/p>\n","protected":false},"excerpt":{"rendered":"<p>El jueves 23, el Presidente del Gobierno de Canarias, Fernando Clavijo recibi\u00f3 al una delegaci\u00f3n en representaci\u00f3n de FEMEPA, integrada por miembros de su Junta Directiva y del Comit\u00e9 de Direcci\u00f3n. Encabezados por el presidente, D. Vicente Marrero, la Federaci\u00f3n tuvo un encuentro cordial con el Presidente del Gobierno con motivo de la invitaci\u00f3n a [&hellip;]<\/p>\n","protected":false},"author":4,"featured_media":41915,"comment_status":"closed","ping_status":"closed","sticky":false,"template":"","format":"standard","meta":{"_acf_changed":false,"rs_blank_template":"","rs_page_bg_color":"","slide_template_v7":"","footnotes":""},"categories":[1],"tags":[306,322,64,323,324],"class_list":["post-6042","post","type-post","status-publish","format-standard","has-post-thumbnail","hentry","category-sin-categoria","tag-40-aniversario","tag-clavijo","tag-femepa","tag-gobierno-canarias","tag-presindete"],"acf":[],"_links":{"self":[{"href":"https:\/\/femepa.org\/web\/wp-json\/wp\/v2\/posts\/6042","targetHints":{"allow":["GET"]}}],"collection":[{"href":"https:\/\/femepa.org\/web\/wp-json\/wp\/v2\/posts"}],"about":[{"href":"https:\/\/femepa.org\/web\/wp-json\/wp\/v2\/types\/post"}],"author":[{"embeddable":true,"href":"https:\/\/femepa.org\/web\/wp-json\/wp\/v2\/users\/4"}],"replies":[{"embeddable":true,"href":"https:\/\/femepa.org\/web\/wp-json\/wp\/v2\/comments?post=6042"}],"version-history":[{"count":0,"href":"https:\/\/femepa.org\/web\/wp-json\/wp\/v2\/posts\/6042\/revisions"}],"wp:featuredmedia":[{"embeddable":true,"href":"https:\/\/femepa.org\/web\/wp-json\/wp\/v2\/media\/41915"}],"wp:attachment":[{"href":"https:\/\/femepa.org\/web\/wp-json\/wp\/v2\/media?parent=6042"}],"wp:term":[{"taxonomy":"category","embeddable":true,"href":"https:\/\/femepa.org\/web\/wp-json\/wp\/v2\/categories?post=6042"},{"taxonomy":"post_tag","embeddable":true,"href":"https:\/\/femepa.org\/web\/wp-json\/wp\/v2\/tags?post=6042"}],"curies":[{"name":"wp","href":"https:\/\/api.w.org\/{rel}","templated":true}]}}