{"id":6048,"date":"2017-12-04T19:02:34","date_gmt":"2017-12-04T19:02:34","guid":{"rendered":"http:\/\/femepa.org\/web\/?p=5986"},"modified":"2017-12-04T19:02:34","modified_gmt":"2017-12-04T19:02:34","slug":"jornada-los-aspectos-mas-significativos-de-la-propiedad-industrial-para-empresas-y-emprendedores","status":"publish","type":"post","link":"https:\/\/femepa.org\/web\/jornada-los-aspectos-mas-significativos-de-la-propiedad-industrial-para-empresas-y-emprendedores\/","title":{"rendered":"Jornada &#8220;Los aspectos m\u00e1s significativos de la Propiedad Industrial para empresas y emprendedores&#8221;"},"content":{"rendered":"<p>Desde la Red Cide de la C\u00e1mara de Comercio de Fuerteventura colaboramos en la organizaci\u00f3n de la jornada \u00a0\u201cLos aspectos m\u00e1s significativos de la Propiedad Industrial para empresas y emprendedores\u201d que tendr\u00e1 lugar el d\u00eda 12 de diciembre, en el sal\u00f3n de actos de la C\u00e1mara de Comercio de Fuerteventura.<\/p>\n<p>Durante la jornada conocer\u00e1 de primera mano las mejores opciones para la protecci\u00f3n de la Propiedad Industrial, Intelectual e Innovaci\u00f3n, los conceptos clave acerca de marcas y nombres comerciales, as\u00ed como la manera m\u00e1s eficaz de gestionar y rentabilizar dicha propiedad una vez obtenidos y registrados los derechos correspondientes.<\/p>\n<p>La jornada le permitir\u00e1 compartir con otras empresas y con la Oficina Espa\u00f1ola de Patentes y Marcas sus experiencias en relaci\u00f3n con la protecci\u00f3n de las invenciones, marcas y dise\u00f1os y su efecto sobre la capacidad innovadora de las compa\u00f1\u00edas.<\/p>\n<p>&nbsp;<\/p>\n<p><a href=\"https:\/\/www.camara.es\/jornada-aspectos-mas-significativos-de-propiedad-industrial-para-empresas-fuerteventura\" target=\"_blank\" rel=\"noopener\">M\u00e1s informaci\u00f3n e inscripci\u00f3n<\/a><\/p>\n","protected":false},"excerpt":{"rendered":"<p>Desde la Red Cide de la C\u00e1mara de Comercio de Fuerteventura colaboramos en la organizaci\u00f3n de la jornada \u00a0\u201cLos aspectos m\u00e1s significativos de la Propiedad Industrial para empresas y emprendedores\u201d que tendr\u00e1 lugar el d\u00eda 12 de diciembre, en el sal\u00f3n de actos de la C\u00e1mara de Comercio de Fuerteventura. Durante la jornada conocer\u00e1 de [&hellip;]<\/p>\n","protected":false},"author":4,"featured_media":41921,"comment_status":"closed","ping_status":"closed","sticky":false,"template":"","format":"standard","meta":{"_acf_changed":false,"rs_blank_template":"","rs_page_bg_color":"","slide_template_v7":"","footnotes":""},"categories":[1],"tags":[152,338,249],"class_list":["post-6048","post","type-post","status-publish","format-standard","has-post-thumbnail","hentry","category-sin-categoria","tag-jornada","tag-propiedad-industrial","tag-pymes"],"acf":[],"_links":{"self":[{"href":"https:\/\/femepa.org\/web\/wp-json\/wp\/v2\/posts\/6048","targetHints":{"allow":["GET"]}}],"collection":[{"href":"https:\/\/femepa.org\/web\/wp-json\/wp\/v2\/posts"}],"about":[{"href":"https:\/\/femepa.org\/web\/wp-json\/wp\/v2\/types\/post"}],"author":[{"embeddable":true,"href":"https:\/\/femepa.org\/web\/wp-json\/wp\/v2\/users\/4"}],"replies":[{"embeddable":true,"href":"https:\/\/femepa.org\/web\/wp-json\/wp\/v2\/comments?post=6048"}],"version-history":[{"count":0,"href":"https:\/\/femepa.org\/web\/wp-json\/wp\/v2\/posts\/6048\/revisions"}],"wp:featuredmedia":[{"embeddable":true,"href":"https:\/\/femepa.org\/web\/wp-json\/wp\/v2\/media\/41921"}],"wp:attachment":[{"href":"https:\/\/femepa.org\/web\/wp-json\/wp\/v2\/media?parent=6048"}],"wp:term":[{"taxonomy":"category","embeddable":true,"href":"https:\/\/femepa.org\/web\/wp-json\/wp\/v2\/categories?post=6048"},{"taxonomy":"post_tag","embeddable":true,"href":"https:\/\/femepa.org\/web\/wp-json\/wp\/v2\/tags?post=6048"}],"curies":[{"name":"wp","href":"https:\/\/api.w.org\/{rel}","templated":true}]}}