{"id":6051,"date":"2017-12-11T16:40:13","date_gmt":"2017-12-11T16:40:13","guid":{"rendered":"http:\/\/femepa.org\/web\/?p=5995"},"modified":"2017-12-11T16:40:13","modified_gmt":"2017-12-11T16:40:13","slug":"la-gala-del-40-aniversario-de-femepa-en-102-imagenes","status":"publish","type":"post","link":"https:\/\/femepa.org\/web\/la-gala-del-40-aniversario-de-femepa-en-102-imagenes\/","title":{"rendered":"La Gala del 40 aniversario de FEMEPA en 10+2 im\u00e1genes."},"content":{"rendered":"<p>El auditorio Alfredo Kraus fue testigo el pasado viernes de la Gala de los 40 de FEMEPA, la conmemoraci\u00f3n del 40 aniversario de la federaci\u00f3n. La Gala se celebr\u00f3 en la Sala San Borond\u00f3n del Auditorio, donde, tras el fotocall, los asistentes disfrutaron de un coctel y a las 22h dio inicio la ceremonia. Este es el resumen de la noche en 10+2 im\u00e1genes.<\/p>\n<p>&nbsp;<\/p>\n<p>IMAGEN 1: 600 personas en el Auditorio Alfredo Kraus:<\/p>\n<p><img fetchpriority=\"high\" decoding=\"async\" class=\" wp-image-5996 alignnone\" src=\"http:\/\/femepa.org\/web\/wp-content\/uploads\/2017\/12\/Femepa_Gala40_Tomi-Kanalec-147-of-333-300x200.jpg\" alt=\"\" width=\"296\" height=\"197\" \/><\/p>\n<p>&nbsp;<\/p>\n<p>Imagen 2: La intervenci\u00f3n del presidente de FEMEPA, Vicente Marrero, hizo especial hincapi\u00e9 en los objetivos de la federaci\u00f3n\u00a0 y la labor de sus presidentes precedentes, y la importancia que el lema La Uni\u00f3n hace la Fuerza, ha tenido en la historia de la entidad.<\/p>\n<p><img decoding=\"async\" class=\"alignnone size-medium wp-image-5998\" src=\"http:\/\/femepa.org\/web\/wp-content\/uploads\/2017\/12\/Femepa_Gala40_Tomi-Kanalec-169-of-333-300x200.jpg\" alt=\"\" width=\"300\" height=\"200\" \/><\/p>\n<p>Imagen 3: Dirigida y presentada por I\u00f1igo Irigoyen, la ceremonia fue un emotivo y reconocido homenaje a la historia de la federaci\u00f3n y a sus presidentes. A continuaci\u00f3n, con la incorporaci\u00f3n de Victoria Sabroso, los presentadores fueron uno a uno entregando las 6 condecoraciones previstas<\/p>\n<p><img decoding=\"async\" class=\"alignnone size-medium wp-image-5997\" src=\"http:\/\/femepa.org\/web\/wp-content\/uploads\/2017\/12\/Femepa_Gala40_Tomi-Kanalec-185-of-333-300x300.jpg\" alt=\"\" width=\"300\" height=\"300\" \/><b><\/b><i><\/i><u><\/u><\/p>\n<p>&nbsp;<\/p>\n<p>Imagen 4: El distintivo de igualdad, que recibi\u00f3, en nombre de FEMEPA, Irina Le\u00f3n, de manos del subdelegado del Gobierno Luis Miguel Molina.<\/p>\n<p>&nbsp;<\/p>\n<p><img loading=\"lazy\" decoding=\"async\" class=\"alignnone size-medium wp-image-6000\" src=\"http:\/\/femepa.org\/web\/wp-content\/uploads\/2017\/12\/Femepa_Gala40_Tomi-Kanalec-192-of-333-300x200.jpg\" alt=\"\" width=\"300\" height=\"200\" \/><\/p>\n<p>Imagen 5: El Certificado de Excelencia, concedido por Bureau Veritas y que recibi\u00f3 el Comit\u00e9 de Direcci\u00f3n de FEMEPA.<\/p>\n<p><img loading=\"lazy\" decoding=\"async\" class=\"alignnone size-medium wp-image-6001\" src=\"http:\/\/femepa.org\/web\/wp-content\/uploads\/2017\/12\/Femepa_Gala40_Tomi-Kanalec-189-of-333-300x200.jpg\" alt=\"\" width=\"300\" height=\"200\" \/><\/p>\n<p>&nbsp;<\/p>\n<p>Imagen 6: Ana Brito recibi\u00f3 un emotivo regalo especial por sus 40 a\u00f1os en la Federaci\u00f3n de manos de la consejera del Cabildo, Minerva Alonso.<\/p>\n<p><img loading=\"lazy\" decoding=\"async\" class=\"alignnone size-medium wp-image-6002\" src=\"http:\/\/femepa.org\/web\/wp-content\/uploads\/2017\/12\/Femepa_Gala40_Tomi-Kanalec-196-of-333-300x200.jpg\" alt=\"\" width=\"300\" height=\"200\" \/><\/p>\n<p>&nbsp;<\/p>\n<p>Imagen 7: Esteban Sosa, su reconocimiento por toda una vida en ATARE, asociaci\u00f3n de fundamental importancia en FEMEPA, de manos del vicepresidente del Gobierno, Pablo Rodr\u00edguez.<\/p>\n<p><img loading=\"lazy\" decoding=\"async\" class=\"alignnone size-medium wp-image-6003\" src=\"http:\/\/femepa.org\/web\/wp-content\/uploads\/2017\/12\/Femepa_Gala40_Tomi-Kanalec-200-of-333-300x200.jpg\" alt=\"\" width=\"300\" height=\"200\" \/><\/p>\n<p>&nbsp;<\/p>\n<p>Imagen 8 :Juan Carlos Betancor por sus 31 a\u00f1os como secretario general de FEMEPA, recibi\u00f3 su insignia de manos del consejero de Industria, conocimiento y energ\u00eda, D. Pedro Ortega<\/p>\n<p><img loading=\"lazy\" decoding=\"async\" class=\"alignnone size-medium wp-image-6004\" src=\"http:\/\/femepa.org\/web\/wp-content\/uploads\/2017\/12\/Femepa_Gala40_Tomi-Kanalec-203-of-333-300x200.jpg\" alt=\"\" width=\"300\" height=\"200\" \/><\/p>\n<p>Imagen 9: Y finalmente, Vicente Marrero, recibi\u00f3 de manos del alcalde Augusto Hidalgo, su reconocimiento por una trayectoria brillante al frente de la federaci\u00f3n.<\/p>\n<p><img loading=\"lazy\" decoding=\"async\" class=\"alignnone size-medium wp-image-6005\" src=\"http:\/\/femepa.org\/web\/wp-content\/uploads\/2017\/12\/Femepa_Gala40_Tomi-Kanalec-206-of-333-300x200.jpg\" alt=\"\" width=\"300\" height=\"200\" \/><\/p>\n<p>&nbsp;<\/p>\n<p>Imagen 10: La ceremonia termin\u00f3, le sigui\u00f3 la cena, y las sorpresas y el espect\u00e1culo de la noche lo puso Cristina Ramos con sus intervenciones por sorpresa, y su actuaci\u00f3n final tras la cena que deleitaron a la sala.<\/p>\n<p><img loading=\"lazy\" decoding=\"async\" class=\"alignnone size-medium wp-image-6006\" src=\"http:\/\/femepa.org\/web\/wp-content\/uploads\/2017\/12\/Femepa_Gala40_Tomi-Kanalec-315-of-333-200x300.jpg\" alt=\"\" width=\"200\" height=\"300\" \/><\/p>\n<p>&nbsp;<\/p>\n<p>Imagen 10+1<\/p>\n<p>FEMEPA celebr\u00f3 40 a\u00f1os, y uno de los invitados, Andr\u00e9s Caballero, tambi\u00e9n. Este fue su inesperado reconocimiento cuando los 600 asistentes le cantaron cumplea\u00f1os feliz.<\/p>\n<p>&nbsp;<\/p>\n<p><img loading=\"lazy\" decoding=\"async\" class=\"alignnone size-medium wp-image-6007\" src=\"http:\/\/femepa.org\/web\/wp-content\/uploads\/2017\/12\/Femepa_Gala40_Tomi-Kanalec-152-of-333-300x200.jpg\" alt=\"\" width=\"300\" height=\"200\" \/><\/p>\n<p>&nbsp;<\/p>\n<p>Imagen 10+2: Nuestro compa\u00f1ero Kurt Engel recibi\u00f3 todo el cari\u00f1o de sus compa\u00f1eros y asistente. Cumpl\u00eda m\u00e1s de 40 a\u00f1os ese d\u00eda&#8230; Que cumplas muchos m\u00e1s!!!!<\/p>\n<p>&nbsp;<\/p>\n<p><img loading=\"lazy\" decoding=\"async\" class=\"alignnone size-medium wp-image-6008\" src=\"http:\/\/femepa.org\/web\/wp-content\/uploads\/2017\/12\/Femepa_Gala40_Tomi-Kanalec-308-of-333-200x300.jpg\" alt=\"\" width=\"200\" height=\"300\" \/><\/p>\n<p>&nbsp;<\/p>\n<p>Todas las fotos de la noche las pueden encontrar en el siguiente <a href=\"https:\/\/1drv.ms\/f\/s!ArEpqR3NzS9ag8oiEyM4tVxKO0CzGQ\">enlace<\/a>.<\/p>\n","protected":false},"excerpt":{"rendered":"<p>El auditorio Alfredo Kraus fue testigo el pasado viernes de la Gala de los 40 de FEMEPA, la conmemoraci\u00f3n del 40 aniversario de la federaci\u00f3n. La Gala se celebr\u00f3 en la Sala San Borond\u00f3n del Auditorio, donde, tras el fotocall, los asistentes disfrutaron de un coctel y a las 22h dio inicio la ceremonia. Este [&hellip;]<\/p>\n","protected":false},"author":4,"featured_media":41935,"comment_status":"closed","ping_status":"closed","sticky":false,"template":"","format":"standard","meta":{"_acf_changed":false,"rs_blank_template":"","rs_page_bg_color":"","slide_template_v7":"","footnotes":""},"categories":[1],"tags":[256,289,64,345,290,137],"class_list":["post-6051","post","type-post","status-publish","format-standard","has-post-thumbnail","hentry","category-sin-categoria","tag-alfredo-kraus","tag-cristina-ramos","tag-femepa","tag-femepa-40-aniversario","tag-los-40","tag-vicente-marrero"],"acf":[],"_links":{"self":[{"href":"https:\/\/femepa.org\/web\/wp-json\/wp\/v2\/posts\/6051","targetHints":{"allow":["GET"]}}],"collection":[{"href":"https:\/\/femepa.org\/web\/wp-json\/wp\/v2\/posts"}],"about":[{"href":"https:\/\/femepa.org\/web\/wp-json\/wp\/v2\/types\/post"}],"author":[{"embeddable":true,"href":"https:\/\/femepa.org\/web\/wp-json\/wp\/v2\/users\/4"}],"replies":[{"embeddable":true,"href":"https:\/\/femepa.org\/web\/wp-json\/wp\/v2\/comments?post=6051"}],"version-history":[{"count":0,"href":"https:\/\/femepa.org\/web\/wp-json\/wp\/v2\/posts\/6051\/revisions"}],"wp:featuredmedia":[{"embeddable":true,"href":"https:\/\/femepa.org\/web\/wp-json\/wp\/v2\/media\/41935"}],"wp:attachment":[{"href":"https:\/\/femepa.org\/web\/wp-json\/wp\/v2\/media?parent=6051"}],"wp:term":[{"taxonomy":"category","embeddable":true,"href":"https:\/\/femepa.org\/web\/wp-json\/wp\/v2\/categories?post=6051"},{"taxonomy":"post_tag","embeddable":true,"href":"https:\/\/femepa.org\/web\/wp-json\/wp\/v2\/tags?post=6051"}],"curies":[{"name":"wp","href":"https:\/\/api.w.org\/{rel}","templated":true}]}}