{"id":6052,"date":"2017-12-14T10:51:59","date_gmt":"2017-12-14T10:51:59","guid":{"rendered":"http:\/\/femepa.org\/web\/?p=6023"},"modified":"2017-12-14T10:51:59","modified_gmt":"2017-12-14T10:51:59","slug":"femepa-clausura-dos-programas-de-formacion-en-alternancia-con-el-empleo","status":"publish","type":"post","link":"https:\/\/femepa.org\/web\/femepa-clausura-dos-programas-de-formacion-en-alternancia-con-el-empleo\/","title":{"rendered":"FEMEPA clausura dos Programas de Formaci\u00f3n en Alternancia con el Empleo PFAE"},"content":{"rendered":"<p><strong>FEMEPA clausura dos Programas de Formaci\u00f3n en Alternancia con el Empleo (PFAE) subvencionado por el Servicio Canario de Empleo, en colaboraci\u00f3n con el Ayuntamiento de Telde y la Asociaci\u00f3n de Instaladores de Refrigeraci\u00f3n y Aire Acondicionado (AIRACON)<\/strong><\/p>\n<p>El pasado martes 12 de diciembre de 2017, se clausur\u00f3 en el sal\u00f3n de actos de FEMEPA, dos Programas de Formaci\u00f3n en Alternancia con el Empleo (PFAE) vinculados al sector del Metal. El acto estuvo presidido por el secretario general de FEMEPA, D. Juan Carlos Betancor Garc\u00eda, la subdirectora de formaci\u00f3n del Servicio Canario de Empleo, D\u00f1a. Dunia Rodr\u00edguez Viera y el director de formaci\u00f3n y empleo, D. V\u00edctor Rubio Herrera.<\/p>\n<p>En concreto, el primero de los PFAE denominado <strong><em>On Wheels<\/em><\/strong> (sobre ruedas) ha estado dirigido a j\u00f3venes de Garant\u00eda Juvenil (menores de 30 a\u00f1os), y durante once meses han recibido la formaci\u00f3n de un certificado de profesionalidad de nivel 2 \u201cMantenimiento del motor y sus sistemas auxiliares\u201d, varios m\u00f3dulos de competencias transversales y han realizado la reparaci\u00f3n de numerosos veh\u00edculos del parque m\u00f3vil del Ayuntamiento de Telde como obra social vinculado al proyecto como elementos de pr\u00e1cticas reales de reparaci\u00f3n y mantenimiento de veh\u00edculos.<\/p>\n<p>El segundo de los PFAE denominado <strong>Alisios<\/strong> ha estado dirigido a desempleados mayores de 30 a\u00f1os, y tambi\u00e9n durante 11 meses han recibido el certificado de profesionalidad de nivel 2 \u201cMontaje y mantenimiento de instalaciones frigor\u00edficas\u201d y la diferencia con el anterior es que los alumnos trabajadores han realizado alternancia con la formaci\u00f3n con las empresas contratantes las cuales tambi\u00e9n acudieron al acto de clausura. Este PFAE ha sido un modelo de referencia al tratarse el primer curso de FP Dual en el \u00e1mbito del empleo. El alumnado trabajador obtendr\u00e1 el carn\u00e9 de profesional habilitado (Frigorista), trabajos en altura, espacios confinados, manipulador de gases fluorados de cualquier carga y la tarjeta profesional de la construcci\u00f3n en el metal, \u201cun llave en mano\u201d que garantizar\u00e1 el futuro laboral de los que han superado el proyecto formativo.<\/p>\n<p>El empresariado participante en el proyecto <strong>Alisios<\/strong>, recogi\u00f3 tambi\u00e9n un diploma a modo de reconocimiento por su implicaci\u00f3n, compromiso y confianza en el proyecto formativo, los cuales muchos de ellos ya han contratado a los alumnos\/as-trabajadores\/as que han estado vinculados con las empresas. Las empresas colaboradoras han sido, Reisma, Veolia, Serviproject, Electrimega, Airvema y Fr\u00edo Archipi\u00e9lago.<\/p>\n<p>Por parte del Ayuntamiento de Telde, y en reconocimiento por ceder su parque m\u00f3vil para la realizaci\u00f3n de pr\u00e1cticas del proyecto <strong><em>On Wheels<\/em><\/strong>, recibi\u00f3 el diploma D. Iv\u00e1n Mendoza en nombre y representaci\u00f3n del mismo, excusando la ausencia de la Concejala de Gobierno de Dinamizaci\u00f3n e Impulso Econ\u00f3mico, Econom\u00eda y Hacienda, Turismo y Contrataci\u00f3n, D\u00f1a. Celeste L\u00f3pez Medina.<\/p>\n<p>El secretario general de FEMEPA dijo que \u201cesta nueva experiencia formativa hab\u00eda abierto un nuevo camino en la formaci\u00f3n profesional para el empleo y que se sent\u00eda orgulloso de los resultados obtenidos\u201d. La subdirectora de formaci\u00f3n del SCE, admiti\u00f3 que la incorporaci\u00f3n de la empresa privada hab\u00eda sido un acierto en este tipo de proyectos antes dirigidos exclusivamente a los ayuntamientos, as\u00ed mismo, el director de formaci\u00f3n y empleo de femepa, insisti\u00f3 que, para conseguir impactos positivos en el empleo, hab\u00eda que orientar la formaci\u00f3n a sectores con demandas no atendidas e insistir en una buena selecci\u00f3n de candidatos\/as para garantizar el \u00e9xito de los proyectos formativos. Para el pr\u00f3ximo a\u00f1o FEMEPA ha solicitado tres PFAEs, uno de Fontaner\u00eda de Garant\u00eda Juvenil, otro de Mec\u00e1nica para mayores de 30 a\u00f1os y por \u00faltimo otro de Telefon\u00eda, Fibra \u00d3ptica y Redes de Datos.<\/p>\n","protected":false},"excerpt":{"rendered":"<p>FEMEPA clausura dos Programas de Formaci\u00f3n en Alternancia con el Empleo (PFAE) subvencionado por el Servicio Canario de Empleo, en colaboraci\u00f3n con el Ayuntamiento de Telde y la Asociaci\u00f3n de Instaladores de Refrigeraci\u00f3n y Aire Acondicionado (AIRACON) El pasado martes 12 de diciembre de 2017, se clausur\u00f3 en el sal\u00f3n de actos de FEMEPA, dos [&hellip;]<\/p>\n","protected":false},"author":4,"featured_media":41938,"comment_status":"closed","ping_status":"closed","sticky":false,"template":"","format":"standard","meta":{"_acf_changed":false,"rs_blank_template":"","rs_page_bg_color":"","slide_template_v7":"","footnotes":""},"categories":[1],"tags":[346,347,64,348,279],"class_list":["post-6052","post","type-post","status-publish","format-standard","has-post-thumbnail","hentry","category-sin-categoria","tag-clausura","tag-cursos","tag-femepa","tag-on-wheels","tag-pfae"],"acf":[],"_links":{"self":[{"href":"https:\/\/femepa.org\/web\/wp-json\/wp\/v2\/posts\/6052","targetHints":{"allow":["GET"]}}],"collection":[{"href":"https:\/\/femepa.org\/web\/wp-json\/wp\/v2\/posts"}],"about":[{"href":"https:\/\/femepa.org\/web\/wp-json\/wp\/v2\/types\/post"}],"author":[{"embeddable":true,"href":"https:\/\/femepa.org\/web\/wp-json\/wp\/v2\/users\/4"}],"replies":[{"embeddable":true,"href":"https:\/\/femepa.org\/web\/wp-json\/wp\/v2\/comments?post=6052"}],"version-history":[{"count":0,"href":"https:\/\/femepa.org\/web\/wp-json\/wp\/v2\/posts\/6052\/revisions"}],"wp:featuredmedia":[{"embeddable":true,"href":"https:\/\/femepa.org\/web\/wp-json\/wp\/v2\/media\/41938"}],"wp:attachment":[{"href":"https:\/\/femepa.org\/web\/wp-json\/wp\/v2\/media?parent=6052"}],"wp:term":[{"taxonomy":"category","embeddable":true,"href":"https:\/\/femepa.org\/web\/wp-json\/wp\/v2\/categories?post=6052"},{"taxonomy":"post_tag","embeddable":true,"href":"https:\/\/femepa.org\/web\/wp-json\/wp\/v2\/tags?post=6052"}],"curies":[{"name":"wp","href":"https:\/\/api.w.org\/{rel}","templated":true}]}}