{"id":6090,"date":"2017-12-26T15:46:40","date_gmt":"2017-12-26T15:46:40","guid":{"rendered":"http:\/\/femepa.org\/web\/?p=6090"},"modified":"2017-12-26T15:46:40","modified_gmt":"2017-12-26T15:46:40","slug":"nueva-junta-directiva-de-aielpa","status":"publish","type":"post","link":"https:\/\/femepa.org\/web\/nueva-junta-directiva-de-aielpa\/","title":{"rendered":"Nueva Junta Directiva de AIELPA"},"content":{"rendered":"<p>El jueves 21 de diciembre, tras la Asamblea General Extraordinaria de car\u00e1cter electoral de la Asociaci\u00f3n Provincial de Industriales de Electricidad y Telecomunicaciones de Las Palmas (AIELPA), y tras el proceso electoral desarrollado durante la misma, qued\u00f3 configurada la nueva Junta Directiva de esta Asociaci\u00f3n para los pr\u00f3ximos cuatro a\u00f1os, por las siguientes personas;<\/p>\n<p>PRESIDENTE: D. VICTOR SANCHEZ VERA. SANCHEZ TINOCO, S.L.<\/p>\n<p>VICEPRESIDENTE: D. MIGUEL A. MORENO ALMEIDA. ELECNOR, S.A.<\/p>\n<p>VICEPRESIDENTE: D. ALEXIS MONTESDEOCA ACOSTA. NALEXCAN, S.L.<\/p>\n<p>TESORERO:\u00a0 D. SIMON DEL CASTILLO H\u00d6RUP MICAN, S.A<\/p>\n<p>&nbsp;<\/p>\n<p>VOCALES:<\/p>\n<p>D. JUAN MANUEL PINTADO SORIANO LUMIMANIA, S.L. (VOLTILUX)<\/p>\n<p>D. BENITO MARCOS RAMOS RIVERO. RAMOS BETANCOR, S.L<\/p>\n<p>D. AITOR SANCHEZ MOLA. AITOR SANCHEZ MOLA<\/p>\n<p>D. MANUEL QUINTANA QUINTANA GRANCASERVI 2000, S.L.<\/p>\n<p>D. OCTAVIO GUERRA SUAREZ.. OCTAVIO GUERRA, S.L<\/p>\n<p>D. EDUARDO DEL ROSARIO MARTEL. GALAXIA, S.L.<\/p>\n<p>D. ANGEL JIMENEZ MEDINA. ABT CANARIAS, S.L.<\/p>\n<p>VOCAL POR FUERTEVENTURA D. JOSE MANUEL PEREZ ZARZA. ELECTRO ZARZA<br \/>\nVOCAL POR LANZAROTE D. VICENTE FABREGA GUADALUPE.<\/p>\n<p>Desde FEMEPA queremos transmitir nuestras felicitaciones a la nueva Junta y desearles un pr\u00f3spero y feliz mandato.<\/p>\n","protected":false},"excerpt":{"rendered":"<p>El jueves 21 de diciembre, tras la Asamblea General Extraordinaria de car\u00e1cter electoral de la Asociaci\u00f3n Provincial de Industriales de Electricidad y Telecomunicaciones de Las Palmas (AIELPA), y tras el proceso electoral desarrollado durante la misma, qued\u00f3 configurada la nueva Junta Directiva de esta Asociaci\u00f3n para los pr\u00f3ximos cuatro a\u00f1os, por las siguientes personas; PRESIDENTE: [&hellip;]<\/p>\n","protected":false},"author":4,"featured_media":6091,"comment_status":"closed","ping_status":"closed","sticky":false,"template":"","format":"standard","meta":{"_acf_changed":false,"rs_blank_template":"","rs_page_bg_color":"","slide_template_v7":"","footnotes":""},"categories":[1],"tags":[125,76,349],"class_list":["post-6090","post","type-post","status-publish","format-standard","has-post-thumbnail","hentry","category-sin-categoria","tag-aielpa","tag-junta-directiva","tag-victor-sanchez-vera"],"acf":[],"_links":{"self":[{"href":"https:\/\/femepa.org\/web\/wp-json\/wp\/v2\/posts\/6090","targetHints":{"allow":["GET"]}}],"collection":[{"href":"https:\/\/femepa.org\/web\/wp-json\/wp\/v2\/posts"}],"about":[{"href":"https:\/\/femepa.org\/web\/wp-json\/wp\/v2\/types\/post"}],"author":[{"embeddable":true,"href":"https:\/\/femepa.org\/web\/wp-json\/wp\/v2\/users\/4"}],"replies":[{"embeddable":true,"href":"https:\/\/femepa.org\/web\/wp-json\/wp\/v2\/comments?post=6090"}],"version-history":[{"count":0,"href":"https:\/\/femepa.org\/web\/wp-json\/wp\/v2\/posts\/6090\/revisions"}],"wp:featuredmedia":[{"embeddable":true,"href":"https:\/\/femepa.org\/web\/wp-json\/wp\/v2\/media\/6091"}],"wp:attachment":[{"href":"https:\/\/femepa.org\/web\/wp-json\/wp\/v2\/media?parent=6090"}],"wp:term":[{"taxonomy":"category","embeddable":true,"href":"https:\/\/femepa.org\/web\/wp-json\/wp\/v2\/categories?post=6090"},{"taxonomy":"post_tag","embeddable":true,"href":"https:\/\/femepa.org\/web\/wp-json\/wp\/v2\/tags?post=6090"}],"curies":[{"name":"wp","href":"https:\/\/api.w.org\/{rel}","templated":true}]}}