{"id":6135,"date":"2018-01-29T18:22:48","date_gmt":"2018-01-29T18:22:48","guid":{"rendered":"http:\/\/femepa.org\/web\/?p=6135"},"modified":"2018-01-29T18:22:48","modified_gmt":"2018-01-29T18:22:48","slug":"el-congreso-somos-profesionales-culminara-con-una-gala-en-lanzarote-y-otra-en-fuerteventura","status":"publish","type":"post","link":"https:\/\/femepa.org\/web\/el-congreso-somos-profesionales-culminara-con-una-gala-en-lanzarote-y-otra-en-fuerteventura\/","title":{"rendered":"El Congreso SOMOS PROFESIONALES culminar\u00e1 con una gala en Lanzarote y otra en Fuerteventura"},"content":{"rendered":"<p>Los congresos interinsulares SOMOS PROFESIONALES se celebrar\u00e1n los pr\u00f3ximos 16 de marzo y 13 de abril en Lanzarote y Fuerteventura respectivamente.<\/p>\n<p>La novedad de este a\u00f1o, es que, adem\u00e1s de la parte t\u00e9cnica, habr\u00e1 un una gran fiesta como clausura de la jornada. Este a\u00f1o, la parte congresual ir\u00e1 dirigida especialmente a las novedades que el II Convenio del Metal ha establecido en el sector, y que afectan tanto a la formaci\u00f3n como a la normativa en Prevenci\u00f3n de Riesgos Laborales.<\/p>\n<p>En la fiesta posterior, FEMEPA ha dise\u00f1ado una gala con artistas que promete ser el encuentro social del sector empresarial m\u00e1s importante de cada isla.<\/p>\n<p>Para recibir m\u00e1s informaci\u00f3n en inscripciones pueden llamar al 928 29 29 61<\/p>\n","protected":false},"excerpt":{"rendered":"<p>Los congresos interinsulares SOMOS PROFESIONALES se celebrar\u00e1n los pr\u00f3ximos 16 de marzo y 13 de abril en Lanzarote y Fuerteventura respectivamente. La novedad de este a\u00f1o, es que, adem\u00e1s de la parte t\u00e9cnica, habr\u00e1 un una gran fiesta como clausura de la jornada. Este a\u00f1o, la parte congresual ir\u00e1 dirigida especialmente a las novedades que [&hellip;]<\/p>\n","protected":false},"author":4,"featured_media":6136,"comment_status":"closed","ping_status":"closed","sticky":false,"template":"","format":"standard","meta":{"_acf_changed":false,"rs_blank_template":"","rs_page_bg_color":"","slide_template_v7":"","footnotes":""},"categories":[1],"tags":[357],"class_list":["post-6135","post","type-post","status-publish","format-standard","has-post-thumbnail","hentry","category-sin-categoria","tag-somso-profesionales-femepa"],"acf":[],"_links":{"self":[{"href":"https:\/\/femepa.org\/web\/wp-json\/wp\/v2\/posts\/6135","targetHints":{"allow":["GET"]}}],"collection":[{"href":"https:\/\/femepa.org\/web\/wp-json\/wp\/v2\/posts"}],"about":[{"href":"https:\/\/femepa.org\/web\/wp-json\/wp\/v2\/types\/post"}],"author":[{"embeddable":true,"href":"https:\/\/femepa.org\/web\/wp-json\/wp\/v2\/users\/4"}],"replies":[{"embeddable":true,"href":"https:\/\/femepa.org\/web\/wp-json\/wp\/v2\/comments?post=6135"}],"version-history":[{"count":0,"href":"https:\/\/femepa.org\/web\/wp-json\/wp\/v2\/posts\/6135\/revisions"}],"wp:featuredmedia":[{"embeddable":true,"href":"https:\/\/femepa.org\/web\/wp-json\/wp\/v2\/media\/6136"}],"wp:attachment":[{"href":"https:\/\/femepa.org\/web\/wp-json\/wp\/v2\/media?parent=6135"}],"wp:term":[{"taxonomy":"category","embeddable":true,"href":"https:\/\/femepa.org\/web\/wp-json\/wp\/v2\/categories?post=6135"},{"taxonomy":"post_tag","embeddable":true,"href":"https:\/\/femepa.org\/web\/wp-json\/wp\/v2\/tags?post=6135"}],"curies":[{"name":"wp","href":"https:\/\/api.w.org\/{rel}","templated":true}]}}