{"id":6138,"date":"2018-01-29T18:25:47","date_gmt":"2018-01-29T18:25:47","guid":{"rendered":"http:\/\/femepa.org\/web\/?p=6138"},"modified":"2018-01-29T18:25:47","modified_gmt":"2018-01-29T18:25:47","slug":"femepa-constituye-la-asociacion-prodigital","status":"publish","type":"post","link":"https:\/\/femepa.org\/web\/femepa-constituye-la-asociacion-prodigital\/","title":{"rendered":"FEMEPA constituye la asociaci\u00f3n PRODIGITAL"},"content":{"rendered":"<p>El jueves 25 enero de 2018 se celebr\u00f3 la Asamblea de empresarios\u00a0de comercio, servicios e implantaci\u00f3n de tecnolog\u00edas de la informaci\u00f3n y la comunicaci\u00f3n, y afines, para constituir la Asociaci\u00f3n PRODIGITAL y aprobar sus estatutos. Durante la Asamblea se acord\u00f3 solicitar la integraci\u00f3n de la Asociaci\u00f3n en FEMEPA.<\/p>\n<p>&nbsp;<\/p>\n<p>As\u00ed mismo,\u00a0tras el proceso electoral desarrollado durante la misma, qued\u00f3 configurada la Junta Directiva de esta Asociaci\u00f3n\u00a0formada por D. Javier Betancor Jorge de la empresa EFC, como Presidente, D. V\u00edctor Bola\u00f1os Guerra de SERVIBYTE, como Vicepresidente, D. Jorge S\u00e1nchez Ru\u00edz de VODAWORLD, \u00a0como Secretario, D.Jos\u00e9 Mart\u00edn de MITCA como Vocal y D\u00f1a. Estrella Ramos Talavera como Vocal.<\/p>\n<p>&nbsp;<\/p>\n<p>Est\u00e1 previsto que el pr\u00f3ximo mes se celebre una reuni\u00f3n abierta a todos las empresas del sector para configurar la hoja de ruta de PRODIGITAL.<\/p>\n<p>&nbsp;<\/p>\n<p>Si est\u00e1s interesado en formar parte de la Asociaci\u00f3n contacta con la Secretar\u00eda T\u00e9cnica: Irina Le\u00f3n Garc\u00eda, tel. 928296161 ext #507 . E-mail: irina.leon@femepa.com<\/p>\n<p>&nbsp;<\/p>\n","protected":false},"excerpt":{"rendered":"<p>El jueves 25 enero de 2018 se celebr\u00f3 la Asamblea de empresarios\u00a0de comercio, servicios e implantaci\u00f3n de tecnolog\u00edas de la informaci\u00f3n y la comunicaci\u00f3n, y afines, para constituir la Asociaci\u00f3n PRODIGITAL y aprobar sus estatutos. Durante la Asamblea se acord\u00f3 solicitar la integraci\u00f3n de la Asociaci\u00f3n en FEMEPA. &nbsp; As\u00ed mismo,\u00a0tras el proceso electoral desarrollado [&hellip;]<\/p>\n","protected":false},"author":4,"featured_media":6139,"comment_status":"closed","ping_status":"closed","sticky":false,"template":"","format":"standard","meta":{"_acf_changed":false,"rs_blank_template":"","rs_page_bg_color":"","slide_template_v7":"","footnotes":""},"categories":[1],"tags":[358],"class_list":["post-6138","post","type-post","status-publish","format-standard","has-post-thumbnail","hentry","category-sin-categoria","tag-prodigital"],"acf":[],"_links":{"self":[{"href":"https:\/\/femepa.org\/web\/wp-json\/wp\/v2\/posts\/6138","targetHints":{"allow":["GET"]}}],"collection":[{"href":"https:\/\/femepa.org\/web\/wp-json\/wp\/v2\/posts"}],"about":[{"href":"https:\/\/femepa.org\/web\/wp-json\/wp\/v2\/types\/post"}],"author":[{"embeddable":true,"href":"https:\/\/femepa.org\/web\/wp-json\/wp\/v2\/users\/4"}],"replies":[{"embeddable":true,"href":"https:\/\/femepa.org\/web\/wp-json\/wp\/v2\/comments?post=6138"}],"version-history":[{"count":0,"href":"https:\/\/femepa.org\/web\/wp-json\/wp\/v2\/posts\/6138\/revisions"}],"wp:featuredmedia":[{"embeddable":true,"href":"https:\/\/femepa.org\/web\/wp-json\/wp\/v2\/media\/6139"}],"wp:attachment":[{"href":"https:\/\/femepa.org\/web\/wp-json\/wp\/v2\/media?parent=6138"}],"wp:term":[{"taxonomy":"category","embeddable":true,"href":"https:\/\/femepa.org\/web\/wp-json\/wp\/v2\/categories?post=6138"},{"taxonomy":"post_tag","embeddable":true,"href":"https:\/\/femepa.org\/web\/wp-json\/wp\/v2\/tags?post=6138"}],"curies":[{"name":"wp","href":"https:\/\/api.w.org\/{rel}","templated":true}]}}