{"id":6160,"date":"2018-02-05T19:08:30","date_gmt":"2018-02-05T19:08:30","guid":{"rendered":"http:\/\/femepa.org\/web\/?p=6160"},"modified":"2018-02-05T19:08:30","modified_gmt":"2018-02-05T19:08:30","slug":"femepa-organiza-sus-segundos-congresos-interinsulares-somos-profesionales","status":"publish","type":"post","link":"https:\/\/femepa.org\/web\/femepa-organiza-sus-segundos-congresos-interinsulares-somos-profesionales\/","title":{"rendered":"FEMEPA organiza sus segundos congresos interinsulares, SOMOS PROFESIONALES."},"content":{"rendered":"<p><span style=\"font-family: Calibri\">La Federaci\u00f3n dela Peque\u00f1a y Mediana empresa del Metal de la Provincia de las Palmas ha anunciado la segunda edici\u00f3n de los congresos interinsulares de la \u00a0Profesionales de la Industria y Energ\u00edas para la construcci\u00f3n. Se trata de la segunda edici\u00f3n del congreso SOMOS PROFESIONALES, que ya en 2016 tuvo lugar en las tres islas\u00a0 que este a\u00f1o se volver\u00e1 a celebrar. <\/span><\/p>\n<p><span style=\"font-family: Calibri\">Estos congresos son la reuni\u00f3n m\u00e1s importantes del sector en cada una de las islas, y tendr\u00e1 un formato id\u00e9ntico en las islas de Fuerteventura y Lanzarote. <\/span><\/p>\n<p><span style=\"font-family: Calibri\">Las jornadas tendr\u00e1n una primera parte congresual y t\u00e9cnica, donde los asistentes podr\u00e1n ponerse al d\u00eda sobre las novedades que el II Convenio del Metal ha introducido y que afectan al sector en el \u00e1mbito de la prevenci\u00f3n y la formaci\u00f3n. La segunda parte de la jornada es la Gala SOMOS PROFESIONALES, que constar\u00e1 de una ceremonia y cena, que ser\u00e1 un encuentro social donde empresarios y autoridades podr\u00e1n disfrutar de actuaciones art\u00edsticas. <\/span><\/p>\n<p><span style=\"font-family: Calibri\">SOMOS PROFESIONALES tiene su primera cita el 16 de marzo en el Arrecife Gran Hotel y la jornada de Fuerteventura tendr\u00e1 lugar el d\u00eda 13 de abril.\u00a0<\/span><\/p>\n<p>Para m\u00e1s informaci\u00f3n pueden llamar a FEMEPA al 928 29 61 61.<\/p>\n","protected":false},"excerpt":{"rendered":"<p>La Federaci\u00f3n dela Peque\u00f1a y Mediana empresa del Metal de la Provincia de las Palmas ha anunciado la segunda edici\u00f3n de los congresos interinsulares de la \u00a0Profesionales de la Industria y Energ\u00edas para la construcci\u00f3n. Se trata de la segunda edici\u00f3n del congreso SOMOS PROFESIONALES, que ya en 2016 tuvo lugar en las tres islas\u00a0 [&hellip;]<\/p>\n","protected":false},"author":4,"featured_media":6136,"comment_status":"closed","ping_status":"closed","sticky":false,"template":"","format":"standard","meta":{"_acf_changed":false,"rs_blank_template":"","rs_page_bg_color":"","slide_template_v7":"","footnotes":""},"categories":[1],"tags":[64,110,307,359,360],"class_list":["post-6160","post","type-post","status-publish","format-standard","has-post-thumbnail","hentry","category-sin-categoria","tag-femepa","tag-fuerteventura","tag-gala","tag-lanzarote","tag-somos-profesionales"],"acf":[],"_links":{"self":[{"href":"https:\/\/femepa.org\/web\/wp-json\/wp\/v2\/posts\/6160","targetHints":{"allow":["GET"]}}],"collection":[{"href":"https:\/\/femepa.org\/web\/wp-json\/wp\/v2\/posts"}],"about":[{"href":"https:\/\/femepa.org\/web\/wp-json\/wp\/v2\/types\/post"}],"author":[{"embeddable":true,"href":"https:\/\/femepa.org\/web\/wp-json\/wp\/v2\/users\/4"}],"replies":[{"embeddable":true,"href":"https:\/\/femepa.org\/web\/wp-json\/wp\/v2\/comments?post=6160"}],"version-history":[{"count":0,"href":"https:\/\/femepa.org\/web\/wp-json\/wp\/v2\/posts\/6160\/revisions"}],"wp:featuredmedia":[{"embeddable":true,"href":"https:\/\/femepa.org\/web\/wp-json\/wp\/v2\/media\/6136"}],"wp:attachment":[{"href":"https:\/\/femepa.org\/web\/wp-json\/wp\/v2\/media?parent=6160"}],"wp:term":[{"taxonomy":"category","embeddable":true,"href":"https:\/\/femepa.org\/web\/wp-json\/wp\/v2\/categories?post=6160"},{"taxonomy":"post_tag","embeddable":true,"href":"https:\/\/femepa.org\/web\/wp-json\/wp\/v2\/tags?post=6160"}],"curies":[{"name":"wp","href":"https:\/\/api.w.org\/{rel}","templated":true}]}}