{"id":6179,"date":"2018-02-12T16:57:36","date_gmt":"2018-02-12T16:57:36","guid":{"rendered":"http:\/\/femepa.org\/web\/?p=6179"},"modified":"2018-02-12T16:57:36","modified_gmt":"2018-02-12T16:57:36","slug":"cabildo-y-femepa-se-reunen-para-organizar-la-feria-del-metal-de-fuerteventura","status":"publish","type":"post","link":"https:\/\/femepa.org\/web\/cabildo-y-femepa-se-reunen-para-organizar-la-feria-del-metal-de-fuerteventura\/","title":{"rendered":"Cabildo y FEMEPA se reunen para organizar la Feria del Metal de FUerteventura"},"content":{"rendered":"<p>Femepa, encabezada por su secretario general Juan Carlos Betancor y el Cabildo de Fuerteventura, con su presidente Marcial Morales a la cabeza, se reunieron el pasado viernes 9 para dar los primeros pasos en la organizaci\u00f3n de la Feria del Metal de Fuerteventura. Con el apoyo de Maxometal, empresarios y autoridades sellaron su compromiso para hacer realidad un proyecto que ha estado casi 10 a\u00f1os en letargo y que parece ser que este a\u00f1o s\u00ed que va a contar con todo el apoyo por ambas partes.<\/p>\n<p>En principio se baraja el mes de noviembre y el escenario ser\u00e1 el Recinto Ferial de Pozo Negro. En abril tendr\u00e1 lugar una nueva reuni\u00f3n para poner en com\u00fan los avances y presentar el borrador del proyecto.<\/p>\n","protected":false},"excerpt":{"rendered":"<p>Femepa, encabezada por su secretario general Juan Carlos Betancor y el Cabildo de Fuerteventura, con su presidente Marcial Morales a la cabeza, se reunieron el pasado viernes 9 para dar los primeros pasos en la organizaci\u00f3n de la Feria del Metal de Fuerteventura. Con el apoyo de Maxometal, empresarios y autoridades sellaron su compromiso para [&hellip;]<\/p>\n","protected":false},"author":4,"featured_media":6180,"comment_status":"closed","ping_status":"closed","sticky":false,"template":"","format":"standard","meta":{"_acf_changed":false,"rs_blank_template":"","rs_page_bg_color":"","slide_template_v7":"","footnotes":""},"categories":[1],"tags":[370,94,64,65,374,110,254,375],"class_list":["post-6179","post","type-post","status-publish","format-standard","has-post-thumbnail","hentry","category-sin-categoria","tag-betancor","tag-cabildo","tag-femepa","tag-feria","tag-fuermetal","tag-fuerteventura","tag-metal","tag-morales"],"acf":[],"_links":{"self":[{"href":"https:\/\/femepa.org\/web\/wp-json\/wp\/v2\/posts\/6179","targetHints":{"allow":["GET"]}}],"collection":[{"href":"https:\/\/femepa.org\/web\/wp-json\/wp\/v2\/posts"}],"about":[{"href":"https:\/\/femepa.org\/web\/wp-json\/wp\/v2\/types\/post"}],"author":[{"embeddable":true,"href":"https:\/\/femepa.org\/web\/wp-json\/wp\/v2\/users\/4"}],"replies":[{"embeddable":true,"href":"https:\/\/femepa.org\/web\/wp-json\/wp\/v2\/comments?post=6179"}],"version-history":[{"count":0,"href":"https:\/\/femepa.org\/web\/wp-json\/wp\/v2\/posts\/6179\/revisions"}],"wp:featuredmedia":[{"embeddable":true,"href":"https:\/\/femepa.org\/web\/wp-json\/wp\/v2\/media\/6180"}],"wp:attachment":[{"href":"https:\/\/femepa.org\/web\/wp-json\/wp\/v2\/media?parent=6179"}],"wp:term":[{"taxonomy":"category","embeddable":true,"href":"https:\/\/femepa.org\/web\/wp-json\/wp\/v2\/categories?post=6179"},{"taxonomy":"post_tag","embeddable":true,"href":"https:\/\/femepa.org\/web\/wp-json\/wp\/v2\/tags?post=6179"}],"curies":[{"name":"wp","href":"https:\/\/api.w.org\/{rel}","templated":true}]}}