{"id":6210,"date":"2018-02-28T14:54:59","date_gmt":"2018-02-28T14:54:59","guid":{"rendered":"http:\/\/femepa.org\/web\/?p=6210"},"modified":"2018-02-28T14:54:59","modified_gmt":"2018-02-28T14:54:59","slug":"aserpa-se-reune-con-el-nuevo-director-general-de-industria-y-energia","status":"publish","type":"post","link":"https:\/\/femepa.org\/web\/aserpa-se-reune-con-el-nuevo-director-general-de-industria-y-energia\/","title":{"rendered":"ASERPA SE REUNE CON EL NUEVO DIRECTOR GENERAL DE INDUSTRIA Y ENERGIA"},"content":{"rendered":"<p><span style=\"margin: 0px;color: black;font-family: 'Times New Roman','serif';font-size: 12pt\">El pasado jueves 15 de febrero , representantes de ASERPA tuvieron un primer encuentro oficial con el nuevo\u00a0<\/span><\/p>\n<p><span style=\"margin: 0px;color: black;font-family: 'Times New Roman','serif';font-size: 12pt\">Director General de Industria y Energ\u00eda del Gobierno de Canarias; Justo Artiles Sanchez.<\/span><\/p>\n<p><span style=\"margin: 0px;color: black;font-family: 'Times New Roman','serif';font-size: 12pt\">\u00a0<\/span><\/p>\n<p><span style=\"margin: 0px;color: black;font-family: 'Times New Roman','serif';font-size: 12pt\">Este encuentro, al que asistieron el Presidente de ASERPA, Juan Luis C\u00e1rdenes, los directivos Patricia Jim\u00e9nez, Jos\u00e9 Manuel Estupi\u00f1an y Fernando Caballero, y el secretario t\u00e9cnico de la Asociaci\u00f3n, Kurt Engel, fue una primera toma de contacto entre ambas instituciones para ofrecer nuestra colaboraci\u00f3n y dar continuidad a esta linea de comunicaci\u00f3n directa que siempre ha habido entre ambos entidades.<\/span><\/p>\n<p><span style=\"margin: 0px;color: black;font-family: 'Times New Roman','serif';font-size: 12pt\">Se aprovech\u00f3 este encuentro por parte de los representantes de ASERPA para tratar varios asuntos que preocupan actualmente en la Asociaci\u00f3n \u00a0particular y en el sector en general, destacando los siguientes;<\/span><\/p>\n<p><span style=\"margin: 0px;color: black;font-family: 'Times New Roman','serif';font-size: 12pt\">\u00a0<\/span><\/p>\n<p><span style=\"margin: 0px;color: black;font-family: 'Times New Roman','serif';font-size: 12pt\">1.- Se solicit\u00f3 por parte de ASERPA, el ser parte activa del reci\u00e9n inaugurado observatorio de la energ\u00eda.<\/span><\/p>\n<p><span style=\"margin: 0px;color: black;font-family: 'Times New Roman','serif';font-size: 12pt\">\u00a0<\/span><\/p>\n<p><span style=\"margin: 0px;color: black;font-family: 'Times New Roman','serif';font-size: 12pt\">2.- Se solicit\u00f3 un acuerdo por escrito de cooperaci\u00f3n de Aserpa con la consejer\u00eda de industria como expertos t\u00e9cnicos en energ\u00edas renovables para la redacci\u00f3n de bases de nuevas subvenciones a publicar en el futuro.<\/span><\/p>\n<p><span style=\"margin: 0px;color: black;font-family: 'Times New Roman','serif';font-size: 12pt\">\u00a0<\/span><\/p>\n<p><span style=\"margin: 0px;color: black;font-family: 'Times New Roman','serif';font-size: 12pt\">3.-Se solicit\u00f3 la informaci\u00f3n detallada sobre el estado final de las subvenciones cerradas del 2017. Cu\u00e1les han sido los resultados.<\/span><\/p>\n<p><span style=\"margin: 0px;color: black;font-family: 'Times New Roman','serif';font-size: 12pt\">\u00a0<\/span><\/p>\n<p><span style=\"margin: 0px;color: black;font-family: 'Times New Roman','serif';font-size: 12pt\">4.- Se pregunt\u00f3 por las revisiones que estaban previstas para este a\u00f1o en el que se esperaba modificar los beneficiarios de estas ayudas. Modificar las bases en algunos aspectos. Retomar el PROCASOL o por lo menos las bases en las que se fundamentaba esta subvenci\u00f3n.<\/span><\/p>\n<p><span style=\"margin: 0px;color: black;font-family: 'Times New Roman','serif';font-size: 12pt\">\u00a0<\/span><\/p>\n<p><span style=\"margin: 0px;color: black;font-family: 'Times New Roman','serif';font-size: 12pt\">5.- Se solicit\u00f3 informaci\u00f3n sobre las nuevas subvenciones en energ\u00eda renovables, eficiencia energ\u00e9tica y movilidad el\u00e9ctrica. Otros a\u00f1os por estas fechas ya estaban en marcha.<\/span><\/p>\n<p><span style=\"margin: 0px;color: black;font-family: 'Times New Roman','serif';font-size: 12pt\">\u00a0<\/span><\/p>\n<p><span style=\"margin: 0px;color: black;font-family: 'Times New Roman','serif';font-size: 12pt\">6.- Se solicit\u00f3 informaci\u00f3n sobre proyectos del Gobierno de Canarias para ayudar al tejido empresarial del sector de las energ\u00edas renovables.<\/span><\/p>\n<p><span style=\"margin: 0px;color: black;font-family: 'Times New Roman','serif';font-size: 12pt\">\u00a0<\/span><\/p>\n<p><span style=\"margin: 0px;color: black;font-family: 'Times New Roman','serif';font-size: 12pt\">7.- Se solicit\u00f3 el cumplimiento de las inspecciones t\u00e9cnicas en las instalaciones t\u00e9rmicas de los edificios. Hay muchos edificios, ya sean tur\u00edsticos o propios de la administraci\u00f3n que tienen instalaciones con m\u00e1s de 25 a\u00f1os a los que nunca se les ha hecho una inspecci\u00f3n. Muchas de estas instalaciones est\u00e1n en un estado muy deficitario.<\/span><\/p>\n<p><span style=\"margin: 0px;color: black;font-family: 'Times New Roman','serif';font-size: 12pt\">\u00a0<\/span><\/p>\n<p><span style=\"margin: 0px;color: black;font-family: 'Times New Roman','serif';font-size: 12pt\">8.- Se solicit\u00f3 tambi\u00e9n copia del nuevo Pecan.<\/span><\/p>\n<p><span style=\"margin: 0px;color: black;font-family: 'Times New Roman','serif';font-size: 12pt\">\u00a0<\/span><\/p>\n<p><span style=\"margin: 0px;color: black;font-family: 'Times New Roman','serif';font-size: 12pt\">9.- Se solicit\u00f3 el crear un directorio de empresas colaboradoras\/autorizadas que sean las encargadas de prestar los servicios a los beneficiarios de los incentivos para el desarrollo sostenible energ\u00e9tico de Canarias gestionado por la Consejer\u00eda de Industria en materia de energ\u00eda.<\/span><\/p>\n<p><span style=\"margin: 0px;color: black;font-family: 'Times New Roman','serif';font-size: 12pt\">\u00a0<\/span><\/p>\n<p><span style=\"margin: 0px;color: black;font-family: 'Times New Roman','serif';font-size: 12pt\">10.- Situaci\u00f3n del Sistema de retribuci\u00f3n Canario, para instalaciones con conexi\u00f3n a red.<\/span><\/p>\n<p><span style=\"margin: 0px;color: black;font-family: 'Times New Roman','serif';font-size: 12pt\">\u00a0<\/span><\/p>\n<p><span style=\"margin: 0px;color: black;font-family: 'Times New Roman','serif';font-size: 12pt\">11.- Propuesta de Orden Ministerial sobre concurrencia competitivo para instalaciones renovables con conexi\u00f3n a red.<\/span><\/p>\n<p><span style=\"margin: 0px;color: black;font-family: 'Times New Roman','serif';font-size: 12pt\">\u00a0<\/span><\/p>\n<p><span style=\"margin: 0px;color: black;font-family: 'Times New Roman','serif';font-size: 12pt\">\u00a0<\/span><\/p>\n<p><span style=\"margin: 0px;color: black;font-family: 'Times New Roman','serif';font-size: 12pt\">finalmente termin\u00f3 la reuni\u00f3n reiterando las muestras de colaboraci\u00f3n entre ambas partes y la oferta de trabajo conjunto entre las dos instituciones<\/span><\/p>\n<p><span style=\"color: #000000;font-family: Calibri\">\u00a0<\/span><\/p>\n","protected":false},"excerpt":{"rendered":"<p>El pasado jueves 15 de febrero , representantes de ASERPA tuvieron un primer encuentro oficial con el nuevo\u00a0 Director General de Industria y Energ\u00eda del Gobierno de Canarias; Justo Artiles Sanchez. \u00a0 Este encuentro, al que asistieron el Presidente de ASERPA, Juan Luis C\u00e1rdenes, los directivos Patricia Jim\u00e9nez, Jos\u00e9 Manuel Estupi\u00f1an y Fernando Caballero, y [&hellip;]<\/p>\n","protected":false},"author":4,"featured_media":6211,"comment_status":"closed","ping_status":"closed","sticky":false,"template":"","format":"standard","meta":{"_acf_changed":false,"rs_blank_template":"","rs_page_bg_color":"","slide_template_v7":"","footnotes":""},"categories":[1],"tags":[93,395,323,396,77],"class_list":["post-6210","post","type-post","status-publish","format-standard","has-post-thumbnail","hentry","category-sin-categoria","tag-aserpa","tag-director","tag-gobierno-canarias","tag-industria-y-energia","tag-reunion"],"acf":[],"_links":{"self":[{"href":"https:\/\/femepa.org\/web\/wp-json\/wp\/v2\/posts\/6210","targetHints":{"allow":["GET"]}}],"collection":[{"href":"https:\/\/femepa.org\/web\/wp-json\/wp\/v2\/posts"}],"about":[{"href":"https:\/\/femepa.org\/web\/wp-json\/wp\/v2\/types\/post"}],"author":[{"embeddable":true,"href":"https:\/\/femepa.org\/web\/wp-json\/wp\/v2\/users\/4"}],"replies":[{"embeddable":true,"href":"https:\/\/femepa.org\/web\/wp-json\/wp\/v2\/comments?post=6210"}],"version-history":[{"count":0,"href":"https:\/\/femepa.org\/web\/wp-json\/wp\/v2\/posts\/6210\/revisions"}],"wp:featuredmedia":[{"embeddable":true,"href":"https:\/\/femepa.org\/web\/wp-json\/wp\/v2\/media\/6211"}],"wp:attachment":[{"href":"https:\/\/femepa.org\/web\/wp-json\/wp\/v2\/media?parent=6210"}],"wp:term":[{"taxonomy":"category","embeddable":true,"href":"https:\/\/femepa.org\/web\/wp-json\/wp\/v2\/categories?post=6210"},{"taxonomy":"post_tag","embeddable":true,"href":"https:\/\/femepa.org\/web\/wp-json\/wp\/v2\/tags?post=6210"}],"curies":[{"name":"wp","href":"https:\/\/api.w.org\/{rel}","templated":true}]}}