{"id":6213,"date":"2018-02-28T14:57:16","date_gmt":"2018-02-28T14:57:16","guid":{"rendered":"http:\/\/femepa.org\/web\/?p=6213"},"modified":"2018-02-28T14:57:16","modified_gmt":"2018-02-28T14:57:16","slug":"reunion-de-los-instaladores-electricos-con-el-nuevo-director-general-de-industria-y-energia","status":"publish","type":"post","link":"https:\/\/femepa.org\/web\/reunion-de-los-instaladores-electricos-con-el-nuevo-director-general-de-industria-y-energia\/","title":{"rendered":"REUNION DE LOS\/LAS INSTALADORES\/AS EL\u00c9CTRICOS\/AS CON EL NUEVO DIRECTOR GENERAL DE INDUSTRIA Y ENERG\u00cdA"},"content":{"rendered":"<p><span style=\"margin: 0px; color: black; font-family: 'Verdana','sans-serif'; font-size: 8.5pt;\">El pasado jueves 15 de febrero, representantes de la Asociaci\u00f3n de Instaladores de Electricidad y Telecomunicaciones de Las Palmas (AIELPA) tuvieron un primer encuentro oficial con el nuevo Director General de Industria y Energ\u00eda del Gobierno de Canarias; Justo Artiles.<\/span><\/p>\n<p><span style=\"margin: 0px; color: black; font-family: 'Verdana','sans-serif'; font-size: 8.5pt;\">Este encuentro, al que asistieron el Presidente de AIELPA, Victor Sanchez, los vicepresidentes Miguel Angel Moreno y Alexis Montesdecoa, el Tesorero, Simon del Castillo, y el secretario general de la Asociaci\u00f3n, Kurt Engel, fue una primera toma de contacto entre ambas instituciones para ofrecer nuestra colaboraci\u00f3n y dar continuidad a esta linea de comunicaci\u00f3n directa que siempre ha habido entre ambos entidades.<\/span><\/p>\n<p><span style=\"margin: 0px; color: black; font-family: 'Verdana','sans-serif'; font-size: 8.5pt;\">Se aprovech\u00f3 por parte de los representantes de AIELPA de tratar varios asuntos que preocupan actualmente en el sector, destacando los siguientes;<\/span><\/p>\n<p><strong><span style=\"margin: 0px; color: black; font-family: 'Verdana','sans-serif'; font-size: 8.5pt;\">-Exigencia por parte de la consejer\u00eda de Industria de mantenimientos y de revisiones peri\u00f3dicas en aquellas instalaciones que se requieran por Normativa vigente<\/span><\/strong><\/p>\n<p><span style=\"margin: 0px; color: black; font-family: 'Verdana','sans-serif'; font-size: 8.5pt;\">&#8211;<strong><span style=\"margin: 0px; font-family: 'Verdana','sans-serif';\">Formaci\u00f3n m\u00ednima en Prevenci\u00f3n de Riesgos Laborales (PRL)<\/span><\/strong><\/span><\/p>\n<p><strong><span style=\"margin: 0px; color: black; font-family: 'Verdana','sans-serif'; font-size: 8.5pt;\">-Visado de calidad de todos los documentos t\u00e9cnicos relacionados con instalaciones industriales.<\/span><\/strong><\/p>\n<p><strong><span style=\"margin: 0px; color: black; font-family: 'Verdana','sans-serif'; font-size: 8.5pt;\">-Se solicit\u00f3 la posibilidad de incorporar\u00a0Mas personal en la Consejer\u00eda de Industria<\/span><\/strong><\/p>\n<p><strong><span style=\"margin: 0px; color: black; font-family: 'Verdana','sans-serif'; font-size: 8.5pt;\">-Situaci\u00f3n de las renovables y el sector del Gas&#8230;..<\/span><\/strong><\/p>\n<p><span style=\"margin: 0px; color: black; font-family: 'Verdana','sans-serif'; font-size: 8.5pt;\">finalmente termin\u00f3 la reuni\u00f3n reiterando las muestras de colaboraci\u00f3n entre ambas partes y la oferta de trabajo conjunto entre las dos instituciones.<\/span><\/p>\n","protected":false},"excerpt":{"rendered":"<p>El pasado jueves 15 de febrero, representantes de la Asociaci\u00f3n de Instaladores de Electricidad y Telecomunicaciones de Las Palmas (AIELPA) tuvieron un primer encuentro oficial con el nuevo Director General de Industria y Energ\u00eda del Gobierno de Canarias; Justo Artiles. Este encuentro, al que asistieron el Presidente de AIELPA, Victor Sanchez, los vicepresidentes Miguel Angel [&hellip;]<\/p>\n","protected":false},"author":4,"featured_media":6214,"comment_status":"closed","ping_status":"closed","sticky":false,"template":"","format":"standard","meta":{"_acf_changed":false,"rs_blank_template":"","rs_page_bg_color":"","slide_template_v7":"","footnotes":""},"categories":[1],"tags":[125,397,138,323,219,77],"class_list":["post-6213","post","type-post","status-publish","format-standard","has-post-thumbnail","hentry","category-sin-categoria","tag-aielpa","tag-director-general","tag-energia","tag-gobierno-canarias","tag-industria","tag-reunion"],"acf":[],"_links":{"self":[{"href":"https:\/\/femepa.org\/web\/wp-json\/wp\/v2\/posts\/6213","targetHints":{"allow":["GET"]}}],"collection":[{"href":"https:\/\/femepa.org\/web\/wp-json\/wp\/v2\/posts"}],"about":[{"href":"https:\/\/femepa.org\/web\/wp-json\/wp\/v2\/types\/post"}],"author":[{"embeddable":true,"href":"https:\/\/femepa.org\/web\/wp-json\/wp\/v2\/users\/4"}],"replies":[{"embeddable":true,"href":"https:\/\/femepa.org\/web\/wp-json\/wp\/v2\/comments?post=6213"}],"version-history":[{"count":0,"href":"https:\/\/femepa.org\/web\/wp-json\/wp\/v2\/posts\/6213\/revisions"}],"wp:featuredmedia":[{"embeddable":true,"href":"https:\/\/femepa.org\/web\/wp-json\/wp\/v2\/media\/6214"}],"wp:attachment":[{"href":"https:\/\/femepa.org\/web\/wp-json\/wp\/v2\/media?parent=6213"}],"wp:term":[{"taxonomy":"category","embeddable":true,"href":"https:\/\/femepa.org\/web\/wp-json\/wp\/v2\/categories?post=6213"},{"taxonomy":"post_tag","embeddable":true,"href":"https:\/\/femepa.org\/web\/wp-json\/wp\/v2\/tags?post=6213"}],"curies":[{"name":"wp","href":"https:\/\/api.w.org\/{rel}","templated":true}]}}