{"id":6240,"date":"2018-03-18T20:53:35","date_gmt":"2018-03-18T20:53:35","guid":{"rendered":"http:\/\/femepa.org\/web\/?p=6240"},"modified":"2018-03-18T20:53:35","modified_gmt":"2018-03-18T20:53:35","slug":"fuerteventura-acoge-el-segundo-congreso-somos-profesionales","status":"publish","type":"post","link":"https:\/\/femepa.org\/web\/fuerteventura-acoge-el-segundo-congreso-somos-profesionales\/","title":{"rendered":"FUERTEVENTURA acoge el segundo congreso SOMOS PROFESIONALES"},"content":{"rendered":"<p>El pr\u00f3ximo 13 de abril, los empresarios del sector del metal de Fuerteventura tienen una cita ineludible. El congreso SOMOS PROFESIONALES.<\/p>\n<p>El encuentro, al que se dar\u00e1n cita empresarios de la automoci\u00f3n, la n\u00e1utica, instaladores, transformadores met\u00e1licos y empresas de nuevas tecnolog\u00edas, abordar\u00e1 informaci\u00f3n important\u00edsima sobre las novedades que el nuevo convenio del metal ha resuelto y que afectan a las empresas tanto en la formaci\u00f3n de sus trabajadores como en materia de prevenci\u00f3n.<\/p>\n<p>FEMEPA ha organizado esta media jornada de tarde para poner al d\u00eda a sus asociados de las consecuencias de la aplicaci\u00f3n de la normativa y las herramientas de las que disponemos para ello.<\/p>\n<p>La jornada t\u00e9cnica, de libre acceso, tendr\u00e1 una duraci\u00f3n de unas dos horas aproximadamente y se celebrar\u00e1 en las instalaciones del Palacio de Congresos de Fuerteventura.<\/p>\n<p>Por la noche tendr\u00e1 lugar en el Hotel El Mirador, el antiguo parador en Puerto del Rosario, el encuentro social\u00a0 a la que asistir\u00e1n pol\u00edticos, personalidades, empresarios y\u00a0 medios de comunicaci\u00f3n, en un acto que ser\u00e1 amenizado por el genial artista Yeray Rodr\u00edguez, que pondr\u00e1 m\u00fasica y humor para disfrutar.<\/p>\n<p>Las reservas para la cena tienen un precio de <strong>40 euros<\/strong> y dan derecho a dos entradas. Para confirmar las reservas pueden escribir a maria.artiles@femepa.es o llamando a FEMEPA, al 928 29 61 61<\/p>\n<p>Este es el segundo de los congresos SOMOS PROFESIONALES de este a\u00f1o. El primer congreso se celebr\u00f3 el pasado 16 de marzo en Lanzarote.<\/p>\n","protected":false},"excerpt":{"rendered":"<p>El pr\u00f3ximo 13 de abril, los empresarios del sector del metal de Fuerteventura tienen una cita ineludible. El congreso SOMOS PROFESIONALES. El encuentro, al que se dar\u00e1n cita empresarios de la automoci\u00f3n, la n\u00e1utica, instaladores, transformadores met\u00e1licos y empresas de nuevas tecnolog\u00edas, abordar\u00e1 informaci\u00f3n important\u00edsima sobre las novedades que el nuevo convenio del metal ha [&hellip;]<\/p>\n","protected":false},"author":4,"featured_media":6204,"comment_status":"closed","ping_status":"closed","sticky":false,"template":"","format":"standard","meta":{"_acf_changed":false,"rs_blank_template":"","rs_page_bg_color":"","slide_template_v7":"","footnotes":""},"categories":[1],"tags":[408,64,409,410,360],"class_list":["post-6240","post","type-post","status-publish","format-standard","has-post-thumbnail","hentry","category-sin-categoria","tag-el-mirador","tag-femepa","tag-fuerteventura-congreso","tag-hotel","tag-somos-profesionales"],"acf":[],"_links":{"self":[{"href":"https:\/\/femepa.org\/web\/wp-json\/wp\/v2\/posts\/6240","targetHints":{"allow":["GET"]}}],"collection":[{"href":"https:\/\/femepa.org\/web\/wp-json\/wp\/v2\/posts"}],"about":[{"href":"https:\/\/femepa.org\/web\/wp-json\/wp\/v2\/types\/post"}],"author":[{"embeddable":true,"href":"https:\/\/femepa.org\/web\/wp-json\/wp\/v2\/users\/4"}],"replies":[{"embeddable":true,"href":"https:\/\/femepa.org\/web\/wp-json\/wp\/v2\/comments?post=6240"}],"version-history":[{"count":0,"href":"https:\/\/femepa.org\/web\/wp-json\/wp\/v2\/posts\/6240\/revisions"}],"wp:featuredmedia":[{"embeddable":true,"href":"https:\/\/femepa.org\/web\/wp-json\/wp\/v2\/media\/6204"}],"wp:attachment":[{"href":"https:\/\/femepa.org\/web\/wp-json\/wp\/v2\/media?parent=6240"}],"wp:term":[{"taxonomy":"category","embeddable":true,"href":"https:\/\/femepa.org\/web\/wp-json\/wp\/v2\/categories?post=6240"},{"taxonomy":"post_tag","embeddable":true,"href":"https:\/\/femepa.org\/web\/wp-json\/wp\/v2\/tags?post=6240"}],"curies":[{"name":"wp","href":"https:\/\/api.w.org\/{rel}","templated":true}]}}