{"id":6287,"date":"2018-04-04T21:59:14","date_gmt":"2018-04-04T21:59:14","guid":{"rendered":"http:\/\/femepa.org\/web\/?p=6287"},"modified":"2018-04-04T21:59:14","modified_gmt":"2018-04-04T21:59:14","slug":"matias-alonso-en-la-gala-de-somos-profesionales-de-fuerteventura","status":"publish","type":"post","link":"https:\/\/femepa.org\/web\/matias-alonso-en-la-gala-de-somos-profesionales-de-fuerteventura\/","title":{"rendered":"Mat\u00edas Alonso, en la Gala de SOMOS PROFESIONALES de FUERTEVENTURA"},"content":{"rendered":"<p><span style=\"color: #000000;font-family: Calibri\">El c\u00f3mico grancanario Mat\u00edas Alonso ser\u00e1 la estrella de la gala que pondr\u00e1 colof\u00f3n al congreso SOMOS PROFESIONALES de Fuerteventura. <\/span><\/p>\n<p><span style=\"color: #000000;font-family: Calibri\">El evento tendr\u00e1 lugar a partir de las 21h en el Hotel El Mirador, el Antiguo Parador de Fuerteventura. <\/span><\/p>\n<p><span style=\"color: #000000;font-family: Calibri\">La jornada tiene dos partes bien diferenciadas. Una jornada t\u00e9cnica de unas dos horas uy media de duraci\u00f3n, en la que los empresarios recibir\u00e1n informaci\u00f3n crucial sobre las novedades del Convenio del Metal sus implicaciones en la formaci\u00f3n de trabajadores y la gesti\u00f3n documental en materia de Prevenci\u00f3n de Riesgos Laborales. As\u00ed mismo, se dar\u00e1 a los asociados el distintivo YO SOY LEGAL, con el que las empresas asociadas a FEMEPA certifican el cumplimiento de la legalidad vigente y su lucha contra la clandestinidad. Estas charlas, que tendr\u00e1n lugar en el Auditorio y Palacio de Congresos de Fuerteventura, son de asistencia libre y gratuita, y dar\u00e1n paso al coctel que comenzar\u00e1 a las 21h en el Restaurante del Hotel El Mirador. Tras el coctel, la cena de gala, donde Mat\u00edas Alonso nos deleitar\u00e1 con su humor asegur\u00e1ndonos el pasar un buen rato. <\/span><\/p>\n<p><span style=\"color: #000000;font-family: Calibri\">Para inscribirse al congreso, deben llamar al 928 29 61 61 o enviar un correo a <a>maria.artiles@femepa.es<\/a>. <\/span><\/p>\n<p><span style=\"color: #000000;font-family: Calibri\">Para la reserva a la cena y el espect\u00e1culo, s\u00f3lo para asociados, se abonar\u00e1n 40\u20ac (se dar\u00e1n dos invitaciones)<\/span><\/p>\n","protected":false},"excerpt":{"rendered":"<p>El c\u00f3mico grancanario Mat\u00edas Alonso ser\u00e1 la estrella de la gala que pondr\u00e1 colof\u00f3n al congreso SOMOS PROFESIONALES de Fuerteventura. El evento tendr\u00e1 lugar a partir de las 21h en el Hotel El Mirador, el Antiguo Parador de Fuerteventura. La jornada tiene dos partes bien diferenciadas. Una jornada t\u00e9cnica de unas dos horas uy media [&hellip;]<\/p>\n","protected":false},"author":4,"featured_media":6305,"comment_status":"closed","ping_status":"closed","sticky":false,"template":"","format":"standard","meta":{"_acf_changed":false,"rs_blank_template":"","rs_page_bg_color":"","slide_template_v7":"","footnotes":""},"categories":[1],"tags":[64,110,421,360],"class_list":["post-6287","post","type-post","status-publish","format-standard","has-post-thumbnail","hentry","category-sin-categoria","tag-femepa","tag-fuerteventura","tag-matias-alonso","tag-somos-profesionales"],"acf":[],"_links":{"self":[{"href":"https:\/\/femepa.org\/web\/wp-json\/wp\/v2\/posts\/6287","targetHints":{"allow":["GET"]}}],"collection":[{"href":"https:\/\/femepa.org\/web\/wp-json\/wp\/v2\/posts"}],"about":[{"href":"https:\/\/femepa.org\/web\/wp-json\/wp\/v2\/types\/post"}],"author":[{"embeddable":true,"href":"https:\/\/femepa.org\/web\/wp-json\/wp\/v2\/users\/4"}],"replies":[{"embeddable":true,"href":"https:\/\/femepa.org\/web\/wp-json\/wp\/v2\/comments?post=6287"}],"version-history":[{"count":0,"href":"https:\/\/femepa.org\/web\/wp-json\/wp\/v2\/posts\/6287\/revisions"}],"wp:featuredmedia":[{"embeddable":true,"href":"https:\/\/femepa.org\/web\/wp-json\/wp\/v2\/media\/6305"}],"wp:attachment":[{"href":"https:\/\/femepa.org\/web\/wp-json\/wp\/v2\/media?parent=6287"}],"wp:term":[{"taxonomy":"category","embeddable":true,"href":"https:\/\/femepa.org\/web\/wp-json\/wp\/v2\/categories?post=6287"},{"taxonomy":"post_tag","embeddable":true,"href":"https:\/\/femepa.org\/web\/wp-json\/wp\/v2\/tags?post=6287"}],"curies":[{"name":"wp","href":"https:\/\/api.w.org\/{rel}","templated":true}]}}