{"id":6319,"date":"2018-04-18T15:50:01","date_gmt":"2018-04-18T15:50:01","guid":{"rendered":"http:\/\/femepa.org\/web\/?p=6319"},"modified":"2018-04-18T15:50:01","modified_gmt":"2018-04-18T15:50:01","slug":"el-somos-profesionales-de-fuerteventura-en-10-imagenes","status":"publish","type":"post","link":"https:\/\/femepa.org\/web\/el-somos-profesionales-de-fuerteventura-en-10-imagenes\/","title":{"rendered":"EL SOMOS PROFESIONALES DE FUERTEVENTURA EN 10 IM\u00c1GENES"},"content":{"rendered":"<p><img fetchpriority=\"high\" decoding=\"async\" class=\"size-medium wp-image-6309 alignleft\" src=\"http:\/\/femepa.org\/web\/wp-content\/uploads\/2018\/04\/IMG_3186-300x225.jpg\" alt=\"\" width=\"300\" height=\"225\" srcset=\"https:\/\/femepa.org\/web\/wp-content\/uploads\/2018\/04\/IMG_3186-300x225.jpg 300w, https:\/\/femepa.org\/web\/wp-content\/uploads\/2018\/04\/IMG_3186-1024x768.jpg 1024w, https:\/\/femepa.org\/web\/wp-content\/uploads\/2018\/04\/IMG_3186-768x576.jpg 768w, https:\/\/femepa.org\/web\/wp-content\/uploads\/2018\/04\/IMG_3186-1536x1152.jpg 1536w, https:\/\/femepa.org\/web\/wp-content\/uploads\/2018\/04\/IMG_3186-2048x1536.jpg 2048w, https:\/\/femepa.org\/web\/wp-content\/uploads\/2018\/04\/IMG_3186-600x450.jpg 600w\" sizes=\"(max-width: 300px) 100vw, 300px\" \/>La apertura a las jornadas fue dirigida por Juan Carlos Betancor, con la intervenci\u00f3n de Manuel S\u00e1nchez, Marcial Morales y Nicol\u00e1s Guti\u00e9rrez.<\/p>\n<p>&nbsp;<\/p>\n<p>&nbsp;<\/p>\n<p>&nbsp;<\/p>\n<p>&nbsp;<\/p>\n<p>&nbsp;<\/p>\n<p><img decoding=\"async\" class=\"size-medium wp-image-6329 alignleft\" src=\"http:\/\/femepa.org\/web\/wp-content\/uploads\/2018\/04\/IMG_3295-300x146.jpg\" alt=\"\" width=\"300\" height=\"146\" srcset=\"https:\/\/femepa.org\/web\/wp-content\/uploads\/2018\/04\/IMG_3295-300x146.jpg 300w, https:\/\/femepa.org\/web\/wp-content\/uploads\/2018\/04\/IMG_3295-1024x497.jpg 1024w, https:\/\/femepa.org\/web\/wp-content\/uploads\/2018\/04\/IMG_3295-768x373.jpg 768w, https:\/\/femepa.org\/web\/wp-content\/uploads\/2018\/04\/IMG_3295-1536x746.jpg 1536w, https:\/\/femepa.org\/web\/wp-content\/uploads\/2018\/04\/IMG_3295-600x291.jpg 600w, https:\/\/femepa.org\/web\/wp-content\/uploads\/2018\/04\/IMG_3295.jpg 1600w\" sizes=\"(max-width: 300px) 100vw, 300px\" \/><\/p>\n<p>El Jefe del Area de Industria del Gobierno de Canarias, Manuel S\u00e1nchez, habl\u00f3 sobre el resultado de las inspecciones durante el 2017<\/p>\n<p>&nbsp;<\/p>\n<p>&nbsp;<\/p>\n<p>&nbsp;<\/p>\n<p>&nbsp;<\/p>\n<p><img decoding=\"async\" class=\"size-medium wp-image-6323 alignleft\" src=\"http:\/\/femepa.org\/web\/wp-content\/uploads\/2018\/04\/f19d2c6d-8600-48bc-9c4a-a512a43f415d-300x225.jpg\" alt=\"\" width=\"300\" height=\"225\" srcset=\"https:\/\/femepa.org\/web\/wp-content\/uploads\/2018\/04\/f19d2c6d-8600-48bc-9c4a-a512a43f415d-300x225.jpg 300w, https:\/\/femepa.org\/web\/wp-content\/uploads\/2018\/04\/f19d2c6d-8600-48bc-9c4a-a512a43f415d-1024x768.jpg 1024w, https:\/\/femepa.org\/web\/wp-content\/uploads\/2018\/04\/f19d2c6d-8600-48bc-9c4a-a512a43f415d-768x576.jpg 768w, https:\/\/femepa.org\/web\/wp-content\/uploads\/2018\/04\/f19d2c6d-8600-48bc-9c4a-a512a43f415d-1536x1153.jpg 1536w, https:\/\/femepa.org\/web\/wp-content\/uploads\/2018\/04\/f19d2c6d-8600-48bc-9c4a-a512a43f415d-600x450.jpg 600w, https:\/\/femepa.org\/web\/wp-content\/uploads\/2018\/04\/f19d2c6d-8600-48bc-9c4a-a512a43f415d.jpg 1599w\" sizes=\"(max-width: 300px) 100vw, 300px\" \/>Casi 100 empresarios acudieron a las charlas t\u00e9cnicos en las que se trat\u00f3 sobre las novedades del Convenio del Metal, y los proyectos TPM y METALDOC, el proyecto YO SOY LEGAL<\/p>\n<p>&nbsp;<\/p>\n<p>&nbsp;<\/p>\n<p>&nbsp;<\/p>\n<p>&nbsp;<\/p>\n<p>&nbsp;<\/p>\n<p><img loading=\"lazy\" decoding=\"async\" class=\"size-medium wp-image-6321 alignleft\" src=\"http:\/\/femepa.org\/web\/wp-content\/uploads\/2018\/04\/9f467204-df2f-4278-a532-ed71042f1867-300x225.jpg\" alt=\"\" width=\"300\" height=\"225\" srcset=\"https:\/\/femepa.org\/web\/wp-content\/uploads\/2018\/04\/9f467204-df2f-4278-a532-ed71042f1867-300x225.jpg 300w, https:\/\/femepa.org\/web\/wp-content\/uploads\/2018\/04\/9f467204-df2f-4278-a532-ed71042f1867-1024x768.jpg 1024w, https:\/\/femepa.org\/web\/wp-content\/uploads\/2018\/04\/9f467204-df2f-4278-a532-ed71042f1867-768x576.jpg 768w, https:\/\/femepa.org\/web\/wp-content\/uploads\/2018\/04\/9f467204-df2f-4278-a532-ed71042f1867-1536x1152.jpg 1536w, https:\/\/femepa.org\/web\/wp-content\/uploads\/2018\/04\/9f467204-df2f-4278-a532-ed71042f1867-600x450.jpg 600w, https:\/\/femepa.org\/web\/wp-content\/uploads\/2018\/04\/9f467204-df2f-4278-a532-ed71042f1867.jpg 1600w\" sizes=\"(max-width: 300px) 100vw, 300px\" \/>\u00a0Javier Olmedo durante su exposici\u00f3n sobre los h\u00e1bitos saludables y sus efectos en la vida profesional<\/p>\n<p>&nbsp;<\/p>\n<p>&nbsp;<\/p>\n<p>&nbsp;<\/p>\n<p>&nbsp;<\/p>\n<p>&nbsp;<\/p>\n<p><img loading=\"lazy\" decoding=\"async\" class=\"size-medium wp-image-6334 alignleft\" src=\"http:\/\/femepa.org\/web\/wp-content\/uploads\/2018\/04\/2018-04-16-PHOTO-00000065-300x225.jpg\" alt=\"\" width=\"300\" height=\"225\" srcset=\"https:\/\/femepa.org\/web\/wp-content\/uploads\/2018\/04\/2018-04-16-PHOTO-00000065-300x225.jpg 300w, https:\/\/femepa.org\/web\/wp-content\/uploads\/2018\/04\/2018-04-16-PHOTO-00000065-768x576.jpg 768w, https:\/\/femepa.org\/web\/wp-content\/uploads\/2018\/04\/2018-04-16-PHOTO-00000065-600x450.jpg 600w, https:\/\/femepa.org\/web\/wp-content\/uploads\/2018\/04\/2018-04-16-PHOTO-00000065.jpg 1024w\" sizes=\"(max-width: 300px) 100vw, 300px\" \/>\u00a0Los empresarios recogieron sus distintivos de YO SOY LEGAL, que los acredita como empresas legales<\/p>\n<p>&nbsp;<\/p>\n<p>&nbsp;<\/p>\n<p>&nbsp;<\/p>\n<p>&nbsp;<\/p>\n<p>&nbsp;<\/p>\n<p><img loading=\"lazy\" decoding=\"async\" class=\"size-medium wp-image-6324 alignleft\" src=\"http:\/\/femepa.org\/web\/wp-content\/uploads\/2018\/04\/fc8a0678-c54f-4aa0-b49f-d18184ff8200-300x225.jpg\" alt=\"\" width=\"300\" height=\"225\" srcset=\"https:\/\/femepa.org\/web\/wp-content\/uploads\/2018\/04\/fc8a0678-c54f-4aa0-b49f-d18184ff8200-300x225.jpg 300w, https:\/\/femepa.org\/web\/wp-content\/uploads\/2018\/04\/fc8a0678-c54f-4aa0-b49f-d18184ff8200-1024x768.jpg 1024w, https:\/\/femepa.org\/web\/wp-content\/uploads\/2018\/04\/fc8a0678-c54f-4aa0-b49f-d18184ff8200-768x576.jpg 768w, https:\/\/femepa.org\/web\/wp-content\/uploads\/2018\/04\/fc8a0678-c54f-4aa0-b49f-d18184ff8200-1536x1153.jpg 1536w, https:\/\/femepa.org\/web\/wp-content\/uploads\/2018\/04\/fc8a0678-c54f-4aa0-b49f-d18184ff8200-600x450.jpg 600w, https:\/\/femepa.org\/web\/wp-content\/uploads\/2018\/04\/fc8a0678-c54f-4aa0-b49f-d18184ff8200.jpg 1599w\" sizes=\"(max-width: 300px) 100vw, 300px\" \/>\u00a0Durante el c\u00f3ctel, que se celebr\u00f3 en el hall del Hotel EL Mirador, los directivos de ATARE posaron con el presidente de FEMEPA, Vicente Marrero y el Secretario General de FEMEPA, Juan Carlos Betancor<\/p>\n<p>&nbsp;<\/p>\n<p>&nbsp;<\/p>\n<p>&nbsp;<\/p>\n<p>&nbsp;<\/p>\n<p><img loading=\"lazy\" decoding=\"async\" class=\"size-medium wp-image-6322 alignleft\" src=\"http:\/\/femepa.org\/web\/wp-content\/uploads\/2018\/04\/b6727aeb-cabf-4dad-920b-485edaf550ac-300x225.jpg\" alt=\"\" width=\"300\" height=\"225\" srcset=\"https:\/\/femepa.org\/web\/wp-content\/uploads\/2018\/04\/b6727aeb-cabf-4dad-920b-485edaf550ac-300x225.jpg 300w, https:\/\/femepa.org\/web\/wp-content\/uploads\/2018\/04\/b6727aeb-cabf-4dad-920b-485edaf550ac-1024x768.jpg 1024w, https:\/\/femepa.org\/web\/wp-content\/uploads\/2018\/04\/b6727aeb-cabf-4dad-920b-485edaf550ac-768x576.jpg 768w, https:\/\/femepa.org\/web\/wp-content\/uploads\/2018\/04\/b6727aeb-cabf-4dad-920b-485edaf550ac-1536x1153.jpg 1536w, https:\/\/femepa.org\/web\/wp-content\/uploads\/2018\/04\/b6727aeb-cabf-4dad-920b-485edaf550ac-600x450.jpg 600w, https:\/\/femepa.org\/web\/wp-content\/uploads\/2018\/04\/b6727aeb-cabf-4dad-920b-485edaf550ac.jpg 1599w\" sizes=\"(max-width: 300px) 100vw, 300px\" \/>\u00a0Presidente del Cabildo, Alcalde de Puerto del Rosario y el presidente de FEMEPA y el vicepresidente V\u00edctor S\u00e1nchez, en un momento de la ceremonia en la que se reconoci\u00f3 a Jose Luis Rodr\u00edguez, de INSFUERT, a Juan Jos\u00e9 \u00c1vila y a Jos\u00e9 Luis Padr\u00f3n<\/p>\n<p>&nbsp;<\/p>\n<p>&nbsp;<\/p>\n<p>&nbsp;<\/p>\n<p>&nbsp;<\/p>\n<p>&nbsp;<\/p>\n<p><img loading=\"lazy\" decoding=\"async\" class=\"size-medium wp-image-6333 alignleft\" src=\"http:\/\/femepa.org\/web\/wp-content\/uploads\/2018\/04\/2018-04-16-PHOTO-00000052-300x225.jpg\" alt=\"\" width=\"300\" height=\"225\" srcset=\"https:\/\/femepa.org\/web\/wp-content\/uploads\/2018\/04\/2018-04-16-PHOTO-00000052-300x225.jpg 300w, https:\/\/femepa.org\/web\/wp-content\/uploads\/2018\/04\/2018-04-16-PHOTO-00000052-1024x768.jpg 1024w, https:\/\/femepa.org\/web\/wp-content\/uploads\/2018\/04\/2018-04-16-PHOTO-00000052-768x576.jpg 768w, https:\/\/femepa.org\/web\/wp-content\/uploads\/2018\/04\/2018-04-16-PHOTO-00000052-1536x1153.jpg 1536w, https:\/\/femepa.org\/web\/wp-content\/uploads\/2018\/04\/2018-04-16-PHOTO-00000052-600x450.jpg 600w, https:\/\/femepa.org\/web\/wp-content\/uploads\/2018\/04\/2018-04-16-PHOTO-00000052.jpg 1599w\" sizes=\"(max-width: 300px) 100vw, 300px\" \/>Kurt Engel recogi\u00f3 la placa homenaje en nombre de\u00a0 Juan Jos\u00e9 \u00c1vila, que le fue entregada por el Vicepresidente de FEMEPA, Jorge Velasco.<\/p>\n<p>&nbsp;<\/p>\n<p>&nbsp;<\/p>\n<p>&nbsp;<\/p>\n<p>&nbsp;<\/p>\n<p>&nbsp;<\/p>\n<p>&nbsp;<\/p>\n<p><img loading=\"lazy\" decoding=\"async\" class=\"size-medium wp-image-6328 alignleft\" src=\"http:\/\/femepa.org\/web\/wp-content\/uploads\/2018\/04\/IMG_3221-300x225.jpg\" alt=\"\" width=\"300\" height=\"225\" srcset=\"https:\/\/femepa.org\/web\/wp-content\/uploads\/2018\/04\/IMG_3221-300x225.jpg 300w, https:\/\/femepa.org\/web\/wp-content\/uploads\/2018\/04\/IMG_3221-1024x768.jpg 1024w, https:\/\/femepa.org\/web\/wp-content\/uploads\/2018\/04\/IMG_3221-768x576.jpg 768w, https:\/\/femepa.org\/web\/wp-content\/uploads\/2018\/04\/IMG_3221-1536x1152.jpg 1536w, https:\/\/femepa.org\/web\/wp-content\/uploads\/2018\/04\/IMG_3221-2048x1536.jpg 2048w, https:\/\/femepa.org\/web\/wp-content\/uploads\/2018\/04\/IMG_3221-600x450.jpg 600w\" sizes=\"(max-width: 300px) 100vw, 300px\" \/><\/p>\n<p>Mat\u00edas Alonso puso el humor con su actuaci\u00f3n en los postres.<\/p>\n<p>&nbsp;<\/p>\n<p>&nbsp;<\/p>\n<p>&nbsp;<\/p>\n<p>&nbsp;<\/p>\n<p>&nbsp;<\/p>\n<p>&nbsp;<\/p>\n<p><img loading=\"lazy\" decoding=\"async\" class=\"size-medium wp-image-6327 alignleft\" src=\"http:\/\/femepa.org\/web\/wp-content\/uploads\/2018\/04\/IMG_3218-300x225.jpg\" alt=\"\" width=\"300\" height=\"225\" srcset=\"https:\/\/femepa.org\/web\/wp-content\/uploads\/2018\/04\/IMG_3218-300x225.jpg 300w, https:\/\/femepa.org\/web\/wp-content\/uploads\/2018\/04\/IMG_3218-1024x768.jpg 1024w, https:\/\/femepa.org\/web\/wp-content\/uploads\/2018\/04\/IMG_3218-768x576.jpg 768w, https:\/\/femepa.org\/web\/wp-content\/uploads\/2018\/04\/IMG_3218-1536x1152.jpg 1536w, https:\/\/femepa.org\/web\/wp-content\/uploads\/2018\/04\/IMG_3218-2048x1536.jpg 2048w, https:\/\/femepa.org\/web\/wp-content\/uploads\/2018\/04\/IMG_3218-600x450.jpg 600w\" sizes=\"(max-width: 300px) 100vw, 300px\" \/>El Consejero de Industria del Cabildo, Jose Juan Herrera, posaba as\u00ed con Matias Alonso y la cantante Cristina Ramos, que actu\u00f3 durante la ceremonia previa\u00a0 a la cena.<\/p>\n<p>&nbsp;<\/p>\n<p>&nbsp;<\/p>\n","protected":false},"excerpt":{"rendered":"<p>La apertura a las jornadas fue dirigida por Juan Carlos Betancor, con la intervenci\u00f3n de Manuel S\u00e1nchez, Marcial Morales y Nicol\u00e1s Guti\u00e9rrez. &nbsp; &nbsp; &nbsp; &nbsp; &nbsp; El Jefe del Area de Industria del Gobierno de Canarias, Manuel S\u00e1nchez, habl\u00f3 sobre el resultado de las inspecciones durante el 2017 &nbsp; &nbsp; &nbsp; &nbsp; Casi 100 [&hellip;]<\/p>\n","protected":false},"author":4,"featured_media":6334,"comment_status":"closed","ping_status":"closed","sticky":false,"template":"","format":"standard","meta":{"_acf_changed":false,"rs_blank_template":"","rs_page_bg_color":"","slide_template_v7":"","footnotes":""},"categories":[1],"tags":[110,434,435],"class_list":["post-6319","post","type-post","status-publish","format-standard","has-post-thumbnail","hentry","category-sin-categoria","tag-fuerteventura","tag-imagenes","tag-somso-profesionales"],"acf":[],"_links":{"self":[{"href":"https:\/\/femepa.org\/web\/wp-json\/wp\/v2\/posts\/6319","targetHints":{"allow":["GET"]}}],"collection":[{"href":"https:\/\/femepa.org\/web\/wp-json\/wp\/v2\/posts"}],"about":[{"href":"https:\/\/femepa.org\/web\/wp-json\/wp\/v2\/types\/post"}],"author":[{"embeddable":true,"href":"https:\/\/femepa.org\/web\/wp-json\/wp\/v2\/users\/4"}],"replies":[{"embeddable":true,"href":"https:\/\/femepa.org\/web\/wp-json\/wp\/v2\/comments?post=6319"}],"version-history":[{"count":0,"href":"https:\/\/femepa.org\/web\/wp-json\/wp\/v2\/posts\/6319\/revisions"}],"wp:featuredmedia":[{"embeddable":true,"href":"https:\/\/femepa.org\/web\/wp-json\/wp\/v2\/media\/6334"}],"wp:attachment":[{"href":"https:\/\/femepa.org\/web\/wp-json\/wp\/v2\/media?parent=6319"}],"wp:term":[{"taxonomy":"category","embeddable":true,"href":"https:\/\/femepa.org\/web\/wp-json\/wp\/v2\/categories?post=6319"},{"taxonomy":"post_tag","embeddable":true,"href":"https:\/\/femepa.org\/web\/wp-json\/wp\/v2\/tags?post=6319"}],"curies":[{"name":"wp","href":"https:\/\/api.w.org\/{rel}","templated":true}]}}