{"id":6345,"date":"2018-04-18T15:42:22","date_gmt":"2018-04-18T15:42:22","guid":{"rendered":"http:\/\/femepa.org\/web\/?p=6345"},"modified":"2018-04-18T15:42:22","modified_gmt":"2018-04-18T15:42:22","slug":"jornadas-presentacion-de-los-servicios-de-la-empresa-ag-di-sobre-analisis-y-diagnostico-empresarial","status":"publish","type":"post","link":"https:\/\/femepa.org\/web\/jornadas-presentacion-de-los-servicios-de-la-empresa-ag-di-sobre-analisis-y-diagnostico-empresarial\/","title":{"rendered":"JORNADAS PRESENTACION DE LOS SERVICIOS DE LA EMPRESA AG-DI SOBRE ANALISIS Y DIAGNOSTICO EMPRESARIAL"},"content":{"rendered":"<p><span style=\"margin: 0px;font-family: 'Times New Roman','serif';font-size: 12pt\"><span style=\"color: #000000\">Nos complace invitarle a la presentaci\u00f3n que tendr\u00e1 lugar el pr\u00f3ximo mi\u00e9rcoles <b><u>25 de abril a las 10:30 en las instalaciones de FEMEPA<\/u><\/b> por parte de AG-DI para informarles de los<\/span> <span style=\"color: #000000\">beneficios que obtienen las empresas a trav\u00e9s de los servicios que AG-DI presta a pymes y empresas familiares en materia de an\u00e1lisis y diagn\u00f3stico empresarial.<\/span><\/span><\/p>\n<p><span style=\"margin: 0px;font-family: 'Times New Roman','serif';font-size: 12pt\"><span style=\"color: #000000\">\u00a0<\/span><\/span><\/p>\n<p><span style=\"margin: 0px;font-family: 'Times New Roman','serif';font-size: 12pt\"><span style=\"color: #000000\">AG-DI es una consultora especializada en control de gesti\u00f3n y organizaci\u00f3n de pymes, fundada por profesionales del m\u00e1s alto nivel, con m\u00e1s de quince a\u00f1os de experiencia entre la consultor\u00eda y responsabilidades directivas en medianas y grandes empresas. Implantada en pen\u00ednsula y Andorra, a finales de 2017 decide incrementar su presencia en Canarias con la firma de un convenio de colaboraci\u00f3n con condiciones especiales para los asociados de FEMEPA y sus sectoriales.<\/span><\/span><\/p>\n<p><span style=\"margin: 0px;font-family: 'Times New Roman','serif';font-size: 12pt\"><span style=\"color: #000000\">\u00a0<\/span><\/span><\/p>\n<p><span style=\"margin: 0px;font-family: 'Times New Roman','serif';font-size: 12pt\"><span style=\"color: #000000\">El ORDEN DEL D\u00cdA que se seguir\u00e1 durante este encuentro es:<\/span><\/span><\/p>\n<p><span style=\"margin: 0px;font-family: 'Times New Roman','serif';font-size: 12pt\"><span style=\"color: #000000\">\u00a0<\/span><\/span><\/p>\n<p><span style=\"margin: 0px;font-family: 'Times New Roman','serif';font-size: 12pt\"><span style=\"color: #000000\">10:30: Presentaci\u00f3n y metodolog\u00eda de AG-DI, por D. Alberto Trobo (Socio Fundador)<\/span><\/span><\/p>\n<p><span style=\"margin: 0px;font-family: 'Times New Roman','serif';font-size: 12pt\"><span style=\"color: #000000\">10:45: Qu\u00e9 es un an\u00e1lisis-diagn\u00f3stico empresarial, por D. Hugo Roig (Delegado en Canarias)<\/span><\/span><\/p>\n<p><span style=\"margin: 0px;font-family: 'Times New Roman','serif';font-size: 12pt\"><span style=\"color: #000000\">11:00: Por qu\u00e9 hacerlo en su empresa, por D. Hugo Roig <\/span><\/span><\/p>\n<p><span style=\"margin: 0px;font-family: 'Times New Roman','serif';font-size: 12pt\"><span style=\"color: #000000\">11:15: Ventajas del diagn\u00f3stico, Por D. Hugo Roig<\/span><\/span><\/p>\n<p><span style=\"margin: 0px;font-family: 'Times New Roman','serif';font-size: 12pt\"><span style=\"color: #000000\">11:45: Ruegos y preguntas<\/span><\/span><\/p>\n<p><span style=\"margin: 0px;font-family: 'Times New Roman','serif';font-size: 12pt\"><span style=\"color: #000000\">\u00a0<\/span><\/span><\/p>\n<p><span style=\"color: #000000\"><span style=\"margin: 0px;font-family: 'Times New Roman','serif';font-size: 12pt\">Dado que la asistencia es limitada, en caso de estar interesado en acudir a la misma, rogamos confirme su asistencia a la mayor brevedad a D\u00f1a. M\u00aa Eugenia Artiles, en el tel\u00e9fono 928 29.61.61 ext. 563 o bien a la direcci\u00f3n de correo electr\u00f3nico <\/span><a><span style=\"margin: 0px;font-family: 'Times New Roman','serif';font-size: 12pt\">maria.artiles@femepa.es<\/span><\/a><\/span><\/p>\n<p><span style=\"margin: 0px;font-family: 'Times New Roman','serif';font-size: 12pt\"><span style=\"color: #000000\">\u00a0<\/span><\/span><\/p>\n","protected":false},"excerpt":{"rendered":"<p>Nos complace invitarle a la presentaci\u00f3n que tendr\u00e1 lugar el pr\u00f3ximo mi\u00e9rcoles 25 de abril a las 10:30 en las instalaciones de FEMEPA por parte de AG-DI para informarles de los beneficios que obtienen las empresas a trav\u00e9s de los servicios que AG-DI presta a pymes y empresas familiares en materia de an\u00e1lisis y diagn\u00f3stico [&hellip;]<\/p>\n","protected":false},"author":4,"featured_media":6346,"comment_status":"closed","ping_status":"closed","sticky":false,"template":"","format":"standard","meta":{"_acf_changed":false,"rs_blank_template":"","rs_page_bg_color":"","slide_template_v7":"","footnotes":""},"categories":[1],"tags":[439,440,64,148],"class_list":["post-6345","post","type-post","status-publish","format-standard","has-post-thumbnail","hentry","category-sin-categoria","tag-diagnostico","tag-empresarial","tag-femepa","tag-jornadas"],"acf":[],"_links":{"self":[{"href":"https:\/\/femepa.org\/web\/wp-json\/wp\/v2\/posts\/6345","targetHints":{"allow":["GET"]}}],"collection":[{"href":"https:\/\/femepa.org\/web\/wp-json\/wp\/v2\/posts"}],"about":[{"href":"https:\/\/femepa.org\/web\/wp-json\/wp\/v2\/types\/post"}],"author":[{"embeddable":true,"href":"https:\/\/femepa.org\/web\/wp-json\/wp\/v2\/users\/4"}],"replies":[{"embeddable":true,"href":"https:\/\/femepa.org\/web\/wp-json\/wp\/v2\/comments?post=6345"}],"version-history":[{"count":0,"href":"https:\/\/femepa.org\/web\/wp-json\/wp\/v2\/posts\/6345\/revisions"}],"wp:featuredmedia":[{"embeddable":true,"href":"https:\/\/femepa.org\/web\/wp-json\/wp\/v2\/media\/6346"}],"wp:attachment":[{"href":"https:\/\/femepa.org\/web\/wp-json\/wp\/v2\/media?parent=6345"}],"wp:term":[{"taxonomy":"category","embeddable":true,"href":"https:\/\/femepa.org\/web\/wp-json\/wp\/v2\/categories?post=6345"},{"taxonomy":"post_tag","embeddable":true,"href":"https:\/\/femepa.org\/web\/wp-json\/wp\/v2\/tags?post=6345"}],"curies":[{"name":"wp","href":"https:\/\/api.w.org\/{rel}","templated":true}]}}