{"id":6452,"date":"2018-04-22T20:22:37","date_gmt":"2018-04-22T20:22:37","guid":{"rendered":"http:\/\/femepa.org\/web\/?p=6452"},"modified":"2018-04-22T20:22:37","modified_gmt":"2018-04-22T20:22:37","slug":"expobienestar-canarias-%c2%b7-27-de-abril-%c2%b7-infecar","status":"publish","type":"post","link":"https:\/\/femepa.org\/web\/expobienestar-canarias-%c2%b7-27-de-abril-%c2%b7-infecar\/","title":{"rendered":"ExpoBienestar Canarias \u00b7 27 de abril \u00b7 INFECAR"},"content":{"rendered":"<p>Expobienestar Canarias 2018, se celebrar\u00e1 el pr\u00f3ximo 27 de abril, \u00a0un evento donde se dar\u00e1n cita profesionales y p\u00fablico general \u00a0con el objetivo de mejorar el bienestar en la vida profesional y personal:<\/p>\n<p>\u2013\u00a0\u00a0\u00a0\u00a0\u00a0\u00a0\u00a0\u00a0\u00a0\u00a0<strong>Bienestar de los recursos humanos en las empresas.<\/strong><\/p>\n<p>\u2013\u00a0\u00a0\u00a0\u00a0\u00a0\u00a0\u00a0\u00a0\u00a0\u00a0<strong>H\u00e1bitos de vida saludable.<\/strong><\/p>\n<p>\u2013\u00a0\u00a0\u00a0\u00a0\u00a0\u00a0\u00a0\u00a0\u00a0\u00a0<strong>Motivaci\u00f3n.<\/strong><\/p>\n<p>A continuaci\u00f3n, podr\u00e1 ver el programa del evento que contar\u00e1 con destacados participantes<\/p>\n<p>&nbsp;<\/p>\n<p style=\"margin: 0cm 0cm 15.0pt 0cm\"><b><span style=\"font-family: 'Arial',sans-serif;color: #7a7a7a\">Compra de entradas:<\/span><\/b><b><span style=\"font-family: 'Arial',sans-serif;color: #0b5394\">\u00a0<a href=\"http:\/\/expobienestar.es\/entradas\" target=\"_blank\" rel=\"noopener\">http:\/\/expobienestar.es\/entradas<\/a><\/span><\/b><\/p>\n<p style=\"margin: 0cm 0cm 15.0pt 0cm\"><b><span style=\"font-family: 'Arial',sans-serif;color: #7a7a7a\">M\u00e1s informaci\u00f3n:<\/span><\/b><span style=\"font-family: 'Arial',sans-serif;color: #7a7a7a\">\u00a0<\/span><b><u><span style=\"font-family: 'Arial',sans-serif;color: #0b5394\"><a href=\"http:\/\/expobienestar.es\/\" target=\"_blank\" rel=\"noopener\">http:\/\/expobienestar.es\/<\/a><\/span><\/u><\/b><\/p>\n","protected":false},"excerpt":{"rendered":"<p>Expobienestar Canarias 2018, se celebrar\u00e1 el pr\u00f3ximo 27 de abril, \u00a0un evento donde se dar\u00e1n cita profesionales y p\u00fablico general \u00a0con el objetivo de mejorar el bienestar en la vida profesional y personal: \u2013\u00a0\u00a0\u00a0\u00a0\u00a0\u00a0\u00a0\u00a0\u00a0\u00a0Bienestar de los recursos humanos en las empresas. \u2013\u00a0\u00a0\u00a0\u00a0\u00a0\u00a0\u00a0\u00a0\u00a0\u00a0H\u00e1bitos de vida saludable. \u2013\u00a0\u00a0\u00a0\u00a0\u00a0\u00a0\u00a0\u00a0\u00a0\u00a0Motivaci\u00f3n. A continuaci\u00f3n, podr\u00e1 ver el programa del evento que [&hellip;]<\/p>\n","protected":false},"author":4,"featured_media":6453,"comment_status":"closed","ping_status":"closed","sticky":false,"template":"","format":"standard","meta":{"_acf_changed":false,"rs_blank_template":"","rs_page_bg_color":"","slide_template_v7":"","footnotes":""},"categories":[1],"tags":[442,116,148],"class_list":["post-6452","post","type-post","status-publish","format-standard","has-post-thumbnail","hentry","category-sin-categoria","tag-expo-bienestar","tag-infecar","tag-jornadas"],"acf":[],"_links":{"self":[{"href":"https:\/\/femepa.org\/web\/wp-json\/wp\/v2\/posts\/6452","targetHints":{"allow":["GET"]}}],"collection":[{"href":"https:\/\/femepa.org\/web\/wp-json\/wp\/v2\/posts"}],"about":[{"href":"https:\/\/femepa.org\/web\/wp-json\/wp\/v2\/types\/post"}],"author":[{"embeddable":true,"href":"https:\/\/femepa.org\/web\/wp-json\/wp\/v2\/users\/4"}],"replies":[{"embeddable":true,"href":"https:\/\/femepa.org\/web\/wp-json\/wp\/v2\/comments?post=6452"}],"version-history":[{"count":0,"href":"https:\/\/femepa.org\/web\/wp-json\/wp\/v2\/posts\/6452\/revisions"}],"wp:featuredmedia":[{"embeddable":true,"href":"https:\/\/femepa.org\/web\/wp-json\/wp\/v2\/media\/6453"}],"wp:attachment":[{"href":"https:\/\/femepa.org\/web\/wp-json\/wp\/v2\/media?parent=6452"}],"wp:term":[{"taxonomy":"category","embeddable":true,"href":"https:\/\/femepa.org\/web\/wp-json\/wp\/v2\/categories?post=6452"},{"taxonomy":"post_tag","embeddable":true,"href":"https:\/\/femepa.org\/web\/wp-json\/wp\/v2\/tags?post=6452"}],"curies":[{"name":"wp","href":"https:\/\/api.w.org\/{rel}","templated":true}]}}