{"id":6460,"date":"2018-04-24T21:49:54","date_gmt":"2018-04-24T21:49:54","guid":{"rendered":"http:\/\/femepa.org\/web\/?p=6460"},"modified":"2018-04-24T21:49:54","modified_gmt":"2018-04-24T21:49:54","slug":"femepa-reune-a-los-socios-africanos-en-gran-canaria","status":"publish","type":"post","link":"https:\/\/femepa.org\/web\/femepa-reune-a-los-socios-africanos-en-gran-canaria\/","title":{"rendered":"FEMEPA RE\u00daNE A LOS SOCIOS AFRICANOS EN GRAN CANARIA"},"content":{"rendered":"<p>&nbsp;<\/p>\n<p>Desde el mi\u00e9rcoles 25 al viernes 27 de abril los socios del proyecto CONFIAFRICA visitar\u00e1n Gran Canaria.<\/p>\n<p>&nbsp;<\/p>\n<p>El Proyecto CONFIAFRICA para la mejora de la confianza y la competitividad empresarial en el espacio de cooperaci\u00f3n, a trav\u00e9s de la difusi\u00f3n de informaci\u00f3n econ\u00f3mica, aumento de la capacitaci\u00f3n t\u00e9cnica y apoyo a la regularizaci\u00f3n de empresas,\u00a0est\u00e1 enmarcado dentro del Programa de Cooperaci\u00f3n INTERREG V-A Espa\u00f1a-Portugal MAC (Madeira-Azores-Canarias) 2014-2020, cofinanciado al 85% por FEDER.<\/p>\n<p>&nbsp;<\/p>\n<p>Liderado por Femete, participan las C\u00e1maras de Comercio, Industria, Servicios y Navegaci\u00f3n de Santa Cruz de Tenerife y de Gran Canaria, junto con las de Mauritania, Dakar (Senegal) y Barlovento (Cabo Verde), adem\u00e1s de Femepa y Casa \u00c1frica.<\/p>\n<p>&nbsp;<\/p>\n<p>Entre las actividades programadas para estos d\u00edas, los socios visitar\u00e1n el centro de formaci\u00f3n de FEMEPA en El Sebadal, Casa \u00c1frica, as\u00ed como varias talleres de automoci\u00f3n de empresas asociadas a FEMEPA.<\/p>\n<p>&nbsp;<\/p>\n<p>En el \u00e1mbito cultural se realizar\u00e1 una visita guiada por Vegueta y un almuerzo en Poema del Mar.<\/p>\n","protected":false},"excerpt":{"rendered":"<p>&nbsp; Desde el mi\u00e9rcoles 25 al viernes 27 de abril los socios del proyecto CONFIAFRICA visitar\u00e1n Gran Canaria. &nbsp; El Proyecto CONFIAFRICA para la mejora de la confianza y la competitividad empresarial en el espacio de cooperaci\u00f3n, a trav\u00e9s de la difusi\u00f3n de informaci\u00f3n econ\u00f3mica, aumento de la capacitaci\u00f3n t\u00e9cnica y apoyo a la regularizaci\u00f3n [&hellip;]<\/p>\n","protected":false},"author":4,"featured_media":6461,"comment_status":"closed","ping_status":"closed","sticky":false,"template":"","format":"standard","meta":{"_acf_changed":false,"rs_blank_template":"","rs_page_bg_color":"","slide_template_v7":"","footnotes":""},"categories":[1],"tags":[],"class_list":["post-6460","post","type-post","status-publish","format-standard","has-post-thumbnail","hentry","category-sin-categoria"],"acf":[],"_links":{"self":[{"href":"https:\/\/femepa.org\/web\/wp-json\/wp\/v2\/posts\/6460","targetHints":{"allow":["GET"]}}],"collection":[{"href":"https:\/\/femepa.org\/web\/wp-json\/wp\/v2\/posts"}],"about":[{"href":"https:\/\/femepa.org\/web\/wp-json\/wp\/v2\/types\/post"}],"author":[{"embeddable":true,"href":"https:\/\/femepa.org\/web\/wp-json\/wp\/v2\/users\/4"}],"replies":[{"embeddable":true,"href":"https:\/\/femepa.org\/web\/wp-json\/wp\/v2\/comments?post=6460"}],"version-history":[{"count":0,"href":"https:\/\/femepa.org\/web\/wp-json\/wp\/v2\/posts\/6460\/revisions"}],"wp:featuredmedia":[{"embeddable":true,"href":"https:\/\/femepa.org\/web\/wp-json\/wp\/v2\/media\/6461"}],"wp:attachment":[{"href":"https:\/\/femepa.org\/web\/wp-json\/wp\/v2\/media?parent=6460"}],"wp:term":[{"taxonomy":"category","embeddable":true,"href":"https:\/\/femepa.org\/web\/wp-json\/wp\/v2\/categories?post=6460"},{"taxonomy":"post_tag","embeddable":true,"href":"https:\/\/femepa.org\/web\/wp-json\/wp\/v2\/tags?post=6460"}],"curies":[{"name":"wp","href":"https:\/\/api.w.org\/{rel}","templated":true}]}}