{"id":6485,"date":"2018-05-06T19:25:18","date_gmt":"2018-05-06T19:25:18","guid":{"rendered":"http:\/\/femepa.org\/web\/?p=6485"},"modified":"2018-05-06T19:25:18","modified_gmt":"2018-05-06T19:25:18","slug":"jornadas-sobre-el-vehiculo-electrico-y-la-seguridad-de-sus-infraestructur","status":"publish","type":"post","link":"https:\/\/femepa.org\/web\/jornadas-sobre-el-vehiculo-electrico-y-la-seguridad-de-sus-infraestructur\/","title":{"rendered":"\u201cJORNADAS SOBRE EL VEHICULO ELECTRICO Y LA SEGURIDAD DE SUS INFRAESTRUCTURAS"},"content":{"rendered":"<p>En referencia al Real Decreto 1053\/2014 en el que se aprueba la Instrucci\u00f3n T\u00e9cnica Complementaria (ITC) BT 52: \u201cInstalaciones con fines especiales. Infraestructura para recarga de veh\u00edculos el\u00e9ctricos\u201d, <strong><u>FEMEPA y la empresa SGS (Organismo de Control Autorizado) <\/u><\/strong>han organizado unas jornadas t\u00e9cnicas para el <strong><u>Martes 15 de Mayo a partir de las 09:00h.<\/u> en el Sal\u00f3n de Actos de FEMEPA <\/strong>(C.\/ Le\u00f3n y Castillo, N\u00ba89-4\u00aa de Las Palmas de G.C.).<\/p>\n<p>&nbsp;<\/p>\n<p>Estas jornadas, que en principio duraran hasta las 13:00h. aproximadamente, est\u00e1n orientadas fundamentalmente a T\u00e9cnicos, Instaladores y Mantenedores de BT, Ingenieros, Empresas de inspecci\u00f3n, Concesionarios de Veh\u00edculos, Gestores de Carga, Usuarios finales del Veh\u00edculo El\u00e9ctrico, etc\u2026 y los objetivos principales que se pretenden son;<\/p>\n<p>&nbsp;<\/p>\n<ul>\n<li>Conocer el estado de aceptaci\u00f3n, penetraci\u00f3n, dificultades y complacencias del Veh\u00edculo El\u00e9ctrico (V.E.) dentro del mercado nacional.<\/li>\n<li>Introducir los posibles apoyos y dificultades institucionales de cara a la implantaci\u00f3n del V.E. como \u201cuna realidad\u201d a futuro.<\/li>\n<li>Identificar la reglamentaci\u00f3n de aplicaci\u00f3n para instalaciones de recarga, de uso p\u00fablico, individual o colectivo seg\u00fan proceda.<\/li>\n<li>Analizar los principios b\u00e1sicos para el dise\u00f1o y c\u00e1lculo en base a lo indicado en la reglamentaci\u00f3n de aplicaci\u00f3n para instalaciones de Recarga del V.E.<\/li>\n<li>Establecer que instalaciones de recarga de V.E. son objeto de inspecci\u00f3n por Organismo de Control.<\/li>\n<li>Prever instalaciones, ampliaciones, modificaciones y c\u00e1lculo de cargas para aparcamientos colectivos de propiedad horizontal.<\/li>\n<li>Conocer las peculiaridades del Sistema Protecci\u00f3n de la L\u00ednea General de Alimentaci\u00f3n (SPL)<\/li>\n<li>Adoptar criterios concretos y espec\u00edficos respecto a la necesidad del Gestor de Cargas en instalaciones de recarga del V.E.<\/li>\n<\/ul>\n<p>&nbsp;<\/p>\n<p><strong>El programa que se ha preparado para estas jornadas tratar\u00e1 sobre los siguientes puntos;<\/strong><\/p>\n<p>&nbsp;<\/p>\n<ul>\n<li>Pasado, presente y futuro del Veh\u00edculo El\u00e9ctrico (V.E.)<\/li>\n<li>Veh\u00edculo El\u00e9ctrico vs. Veh\u00edculo Tradicional<\/li>\n<li>Instrucciones T\u00e9cnicas Complementarias modificadas tras la publicaci\u00f3n de ITC BT52<\/li>\n<li>Desarrollo de la ITC BT 52<\/li>\n<li>Modos de carga del Veh\u00edculo El\u00e9ctrico<\/li>\n<li>Esquemas de conexi\u00f3n del Veh\u00edculo El\u00e9ctrico<\/li>\n<li>Conectores autorizados para el Veh\u00edculo El\u00e9ctrico<\/li>\n<li>Previsiones de cargas, sistemas de instalaci\u00f3n y la importancia del SPL<\/li>\n<li>Gestores de carga seg\u00fan RD 647\/2011<\/li>\n<li>Criterios a tener en cuenta en el dise\u00f1o de instalaciones para recargar del V.E.<\/li>\n<li>Instalaciones Aut\u00f3nomas y Eficientes para recarga del V.E.<\/li>\n<li>Gu\u00eda t\u00e9cnica de aplicaci\u00f3n ITC-BT 52 Rev. 01 de Marzo 2017.<\/li>\n<\/ul>\n<p>&nbsp;<\/p>\n<p>&nbsp;<\/p>\n<p>Dado que la asistencia es limitada, en caso de estar interesado en acudir a la misma, rogamos confirme su asistencia a la mayor brevedad a D\u00f1a. M\u00aa Eugenia Artiles, en el tel\u00e9fono 928.29.61.61 ext. 563 o bien a la direcci\u00f3n de correo electr\u00f3nico <a href=\"mailto:maria.artiles@femepa.es\">maria.artiles@femepa.es<\/a><\/p>\n","protected":false},"excerpt":{"rendered":"<p>En referencia al Real Decreto 1053\/2014 en el que se aprueba la Instrucci\u00f3n T\u00e9cnica Complementaria (ITC) BT 52: \u201cInstalaciones con fines especiales. Infraestructura para recarga de veh\u00edculos el\u00e9ctricos\u201d, FEMEPA y la empresa SGS (Organismo de Control Autorizado) han organizado unas jornadas t\u00e9cnicas para el Martes 15 de Mayo a partir de las 09:00h. en el [&hellip;]<\/p>\n","protected":false},"author":4,"featured_media":6486,"comment_status":"closed","ping_status":"closed","sticky":false,"template":"","format":"standard","meta":{"_acf_changed":false,"rs_blank_template":"","rs_page_bg_color":"","slide_template_v7":"","footnotes":""},"categories":[1],"tags":[455,456],"class_list":["post-6485","post","type-post","status-publish","format-standard","has-post-thumbnail","hentry","category-sin-categoria","tag-jorndadas","tag-vehhiculo-electrico"],"acf":[],"_links":{"self":[{"href":"https:\/\/femepa.org\/web\/wp-json\/wp\/v2\/posts\/6485","targetHints":{"allow":["GET"]}}],"collection":[{"href":"https:\/\/femepa.org\/web\/wp-json\/wp\/v2\/posts"}],"about":[{"href":"https:\/\/femepa.org\/web\/wp-json\/wp\/v2\/types\/post"}],"author":[{"embeddable":true,"href":"https:\/\/femepa.org\/web\/wp-json\/wp\/v2\/users\/4"}],"replies":[{"embeddable":true,"href":"https:\/\/femepa.org\/web\/wp-json\/wp\/v2\/comments?post=6485"}],"version-history":[{"count":0,"href":"https:\/\/femepa.org\/web\/wp-json\/wp\/v2\/posts\/6485\/revisions"}],"wp:featuredmedia":[{"embeddable":true,"href":"https:\/\/femepa.org\/web\/wp-json\/wp\/v2\/media\/6486"}],"wp:attachment":[{"href":"https:\/\/femepa.org\/web\/wp-json\/wp\/v2\/media?parent=6485"}],"wp:term":[{"taxonomy":"category","embeddable":true,"href":"https:\/\/femepa.org\/web\/wp-json\/wp\/v2\/categories?post=6485"},{"taxonomy":"post_tag","embeddable":true,"href":"https:\/\/femepa.org\/web\/wp-json\/wp\/v2\/tags?post=6485"}],"curies":[{"name":"wp","href":"https:\/\/api.w.org\/{rel}","templated":true}]}}