{"id":6500,"date":"2018-05-15T15:46:50","date_gmt":"2018-05-15T15:46:50","guid":{"rendered":"http:\/\/femepa.org\/web\/?p=6500"},"modified":"2018-05-15T15:46:50","modified_gmt":"2018-05-15T15:46:50","slug":"subvencion-interconecta","status":"publish","type":"post","link":"https:\/\/femepa.org\/web\/subvencion-interconecta\/","title":{"rendered":"Subvenci\u00f3n INTERCONECTA"},"content":{"rendered":"<p>La convocatoria se abrir\u00e1 el\u00a0<strong>03\/05\/2018<\/strong>\u00a0y se cerrar\u00e1 el\u00a0<strong>05\/06\/2018<\/strong>. En cualquier caso no ser\u00e1 v\u00e1lida mientras no se publique su extracto en el diario oficial.<\/p>\n<p>Los proyectos objeto de ayuda de la presente convocatoria ser\u00e1n proyectos de desarrollo experimental en la modalidad de proyectos en cooperaci\u00f3n, con las caracter\u00edsticas descritas en el art\u00edculo 2.m) de la Orden ECC\/1780\/2013, de 30 de septiembre.<\/p>\n<p><strong>Tem\u00e1ticas:<\/strong><\/p>\n<p>Las tem\u00e1ticas de los proyectos presentados deber\u00e1n estar alineadas con las prioridades establecidas en los siguientes Retos Sociales, de acuerdo con lo establecido en el art\u00edculo 8. 2. c) de la Orden de bases reguladoras:<\/p>\n<p>&nbsp;<\/p>\n<ul>\n<li>Salud, cambio demogr\u00e1fico y bienestar.<\/li>\n<li>Seguridad y calidad alimentarias; actividad agraria productiva y sostenible, recursos naturales, investigaci\u00f3n marina y mar\u00edtima.<\/li>\n<li>Energ\u00eda, segura, eficiente y limpia.<\/li>\n<li>Transporte inteligente, sostenible e integrado.<\/li>\n<li>Acci\u00f3n sobre el cambio clim\u00e1tico y eficiencia en la utilizaci\u00f3n de recursos y materias primas.<\/li>\n<li>Cambios e innovaciones sociales.<\/li>\n<li>Econom\u00eda y sociedad digital.<\/li>\n<li>Seguridad, protecci\u00f3n y defensa.<\/li>\n<\/ul>\n<p><strong>Requisitos:<\/strong><\/p>\n<p>Los proyectos presentados deber\u00e1n cumplir los siguientes requisitos:<\/p>\n<ol>\n<li>a) De cuant\u00eda: los proyectos subvencionables deber\u00e1n tener un presupuesto financiable m\u00ednimo de 1.000.000,00 \u20ac y m\u00e1ximo de<\/li>\n<\/ol>\n<p>4.000.000,00 \u20ac.<\/p>\n<ol start=\"2018\">\n<li>b) De duraci\u00f3n: los proyectos deber\u00e1n ser plurianuales y parte del proyecto deber\u00e1 realizarse en el a\u00f1o\u00a02018. En todo caso, se deber\u00e1 solicitar ayuda para el a\u00f1o\u00a02018. Los proyectos tendr\u00e1n una duraci\u00f3n de dos o tres a\u00f1os naturales, de forma que deber\u00e1n finalizar el 31 de diciembre de 2019 o el 31 de diciembre de 2020.<\/li>\n<li>c) De \u00e1mbito geogr\u00e1fico: solo se financiar\u00e1n aquellos proyectos que sean desarrollados en el \u00e1mbito geogr\u00e1fico de las siguientes Comunidades Aut\u00f3nomas: Andaluc\u00eda, Castilla y Le\u00f3n, Castilla La Mancha, Canarias, Extremadura y Murcia.<\/li>\n<\/ol>\n<p><strong>Beneficiarios:<\/strong><\/p>\n<p>Podr\u00e1n ser beneficiarios de las subvenciones previstas en la presente convocatoria las agrupaciones de personas jur\u00eddicas definidas en el art\u00edculo 5.2 de la Orden de bases reguladoras, que puedan llevar a cabo los proyectos objeto de ayuda.<\/p>\n<p>Las agrupaciones deber\u00e1n estar constituidas \u00fanicamente por empresas, seg\u00fan la categor\u00eda de beneficiario de las previstas en el art\u00edculo 4, apartado a), punto 7\u00ba de la Orden de bases reguladoras.<\/p>\n<p>Las agrupaciones deber\u00e1n estar constituidas, como m\u00ednimo, por dos empresas aut\u00f3nomas entre s\u00ed, de las cuales al menos una de ellas ha de ser grande o mediana y otra ha de ser PYME, seg\u00fan la definici\u00f3n del art\u00edculo 2 de la Orden de bases. El n\u00famero m\u00e1ximo de empresas integrantes de la agrupaci\u00f3n ser\u00e1 de seis.<\/p>\n<p>Ninguna de las empresas aut\u00f3nomas de la agrupaci\u00f3n, ni ning\u00fan grupo de empresas vinculadas o asociadas, podr\u00e1 superar el 70% del presupuesto financiable del proyecto.<\/p>\n<p><strong>Gastos subvencionables:<\/strong><\/p>\n<ul>\n<li>Gastos de personal.<\/li>\n<li>Costes de adquisici\u00f3n de equipamiento, instrumental y material necesario para la actuaci\u00f3n.<\/li>\n<li>Adquisici\u00f3n de material fungible, suministros y productos similares<\/li>\n<li>Costes de investigaci\u00f3n contractual, conocimientos t\u00e9cnicos y patentes adquiridas u obtenidas por licencia de fuentes externas a precios de mercado<\/li>\n<li>El gasto derivado del informe realizado por un auditor (m\u00e1x. 2.000 \u20ac por a\u00f1o y beneficiario)<\/li>\n<\/ul>\n<p>&nbsp;<\/p>\n<p>Podr\u00e1n ser objeto de subcontrataci\u00f3n aquellas actividades del proyecto que forman parte de la actuaci\u00f3n subvencionada pero que no pueden ser realizadas por la entidad beneficiaria por s\u00ed misma, extremo que habr\u00e1 de acreditarse en la memoria t\u00e9cnica del proyecto.<\/p>\n<p>El coste global de la actividad subcontratada por beneficiario no podr\u00e1 ser superior al 50% del presupuesto financiable de dicho beneficiario.<\/p>\n<p>&nbsp;<\/p>\n<p><strong>Financiaci\u00f3n:<\/strong><\/p>\n<p>La cuant\u00eda individualizada de las ayudas se determinar\u00e1 en funci\u00f3n del coste financiable real del proyecto, de las caracter\u00edsticas del beneficiario y de las disponibilidades presupuestarias. En todo caso el importe m\u00e1ximo de subvenci\u00f3n ser\u00e1 el siguiente:<\/p>\n<p>&#8211;\u00a0\u00a0\u00a0\u00a0\u00a0\u00a0\u00a0\u00a0\u00a0\u00a060% para empresas peque\u00f1as<\/p>\n<p>&#8211;\u00a0\u00a0\u00a0\u00a0\u00a0\u00a0\u00a0\u00a0\u00a0\u00a050% para empresas medianas<\/p>\n<p>&#8211;\u00a0\u00a0\u00a0\u00a0\u00a0\u00a0\u00a0\u00a0\u00a0\u00a040% para empresas grandes<\/p>\n<p>Para <strong>m\u00e1s informaci\u00f3n<\/strong> puedes contactar con el T\u00e9cnico de Innovaci\u00f3n de Femepa 928296161 obdulia.martin@femepa.es<\/p>\n","protected":false},"excerpt":{"rendered":"<p>La convocatoria se abrir\u00e1 el\u00a003\/05\/2018\u00a0y se cerrar\u00e1 el\u00a005\/06\/2018. En cualquier caso no ser\u00e1 v\u00e1lida mientras no se publique su extracto en el diario oficial. Los proyectos objeto de ayuda de la presente convocatoria ser\u00e1n proyectos de desarrollo experimental en la modalidad de proyectos en cooperaci\u00f3n, con las caracter\u00edsticas descritas en el art\u00edculo 2.m) de la [&hellip;]<\/p>\n","protected":false},"author":4,"featured_media":6501,"comment_status":"closed","ping_status":"closed","sticky":false,"template":"","format":"standard","meta":{"_acf_changed":false,"rs_blank_template":"","rs_page_bg_color":"","slide_template_v7":"","footnotes":""},"categories":[1],"tags":[],"class_list":["post-6500","post","type-post","status-publish","format-standard","has-post-thumbnail","hentry","category-sin-categoria"],"acf":[],"_links":{"self":[{"href":"https:\/\/femepa.org\/web\/wp-json\/wp\/v2\/posts\/6500","targetHints":{"allow":["GET"]}}],"collection":[{"href":"https:\/\/femepa.org\/web\/wp-json\/wp\/v2\/posts"}],"about":[{"href":"https:\/\/femepa.org\/web\/wp-json\/wp\/v2\/types\/post"}],"author":[{"embeddable":true,"href":"https:\/\/femepa.org\/web\/wp-json\/wp\/v2\/users\/4"}],"replies":[{"embeddable":true,"href":"https:\/\/femepa.org\/web\/wp-json\/wp\/v2\/comments?post=6500"}],"version-history":[{"count":0,"href":"https:\/\/femepa.org\/web\/wp-json\/wp\/v2\/posts\/6500\/revisions"}],"wp:featuredmedia":[{"embeddable":true,"href":"https:\/\/femepa.org\/web\/wp-json\/wp\/v2\/media\/6501"}],"wp:attachment":[{"href":"https:\/\/femepa.org\/web\/wp-json\/wp\/v2\/media?parent=6500"}],"wp:term":[{"taxonomy":"category","embeddable":true,"href":"https:\/\/femepa.org\/web\/wp-json\/wp\/v2\/categories?post=6500"},{"taxonomy":"post_tag","embeddable":true,"href":"https:\/\/femepa.org\/web\/wp-json\/wp\/v2\/tags?post=6500"}],"curies":[{"name":"wp","href":"https:\/\/api.w.org\/{rel}","templated":true}]}}