{"id":6521,"date":"2018-05-21T22:57:37","date_gmt":"2018-05-21T22:57:37","guid":{"rendered":"http:\/\/femepa.org\/web\/?p=6521"},"modified":"2018-05-21T22:57:37","modified_gmt":"2018-05-21T22:57:37","slug":"la-espectacular-gala-de-arn-en-15-fotos","status":"publish","type":"post","link":"https:\/\/femepa.org\/web\/la-espectacular-gala-de-arn-en-15-fotos\/","title":{"rendered":"La espectacular Gala de ARN en 15 fotos"},"content":{"rendered":"<p><img fetchpriority=\"high\" decoding=\"async\" class=\"size-medium wp-image-6523 alignleft\" src=\"http:\/\/femepa.org\/web\/wp-content\/uploads\/2018\/05\/arn_40_Tomi_Kanalec_2018_028-300x200.jpg\" alt=\"\" width=\"300\" height=\"200\" srcset=\"https:\/\/femepa.org\/web\/wp-content\/uploads\/2018\/05\/arn_40_Tomi_Kanalec_2018_028-300x200.jpg 300w, https:\/\/femepa.org\/web\/wp-content\/uploads\/2018\/05\/arn_40_Tomi_Kanalec_2018_028-1024x681.jpg 1024w, https:\/\/femepa.org\/web\/wp-content\/uploads\/2018\/05\/arn_40_Tomi_Kanalec_2018_028-768x511.jpg 768w, https:\/\/femepa.org\/web\/wp-content\/uploads\/2018\/05\/arn_40_Tomi_Kanalec_2018_028-1536x1022.jpg 1536w, https:\/\/femepa.org\/web\/wp-content\/uploads\/2018\/05\/arn_40_Tomi_Kanalec_2018_028-2048x1363.jpg 2048w, https:\/\/femepa.org\/web\/wp-content\/uploads\/2018\/05\/arn_40_Tomi_Kanalec_2018_028-600x399.jpg 600w\" sizes=\"(max-width: 300px) 100vw, 300px\" \/><\/p>\n<p>&nbsp;<\/p>\n<p>&nbsp;<\/p>\n<p>El nuevo acuario Poema de Mar fue el lugar donde se celebr\u00f3 la Gala, que recibi\u00f3 a los invitados con una alfombra roja<\/p>\n<p>&nbsp;<\/p>\n<p>&nbsp;<\/p>\n<p>&nbsp;<\/p>\n<p><img decoding=\"async\" class=\"size-medium wp-image-6525 alignleft\" src=\"http:\/\/femepa.org\/web\/wp-content\/uploads\/2018\/05\/arn_40_Tomi_Kanalec_2018_037-300x200.jpg\" alt=\"\" width=\"300\" height=\"200\" srcset=\"https:\/\/femepa.org\/web\/wp-content\/uploads\/2018\/05\/arn_40_Tomi_Kanalec_2018_037-300x200.jpg 300w, https:\/\/femepa.org\/web\/wp-content\/uploads\/2018\/05\/arn_40_Tomi_Kanalec_2018_037-1024x681.jpg 1024w, https:\/\/femepa.org\/web\/wp-content\/uploads\/2018\/05\/arn_40_Tomi_Kanalec_2018_037-768x511.jpg 768w, https:\/\/femepa.org\/web\/wp-content\/uploads\/2018\/05\/arn_40_Tomi_Kanalec_2018_037-1536x1022.jpg 1536w, https:\/\/femepa.org\/web\/wp-content\/uploads\/2018\/05\/arn_40_Tomi_Kanalec_2018_037-2048x1363.jpg 2048w, https:\/\/femepa.org\/web\/wp-content\/uploads\/2018\/05\/arn_40_Tomi_Kanalec_2018_037-600x399.jpg 600w\" sizes=\"(max-width: 300px) 100vw, 300px\" \/><\/p>\n<p>&nbsp;<\/p>\n<p>&nbsp;<\/p>\n<p>La foto de las autoridades pol\u00edticas y directivos a la llegada, con Vicente Marrero en el\u00a0centro<\/p>\n<p>&nbsp;<\/p>\n<p>&nbsp;<\/p>\n<p>&nbsp;<\/p>\n<p><img decoding=\"async\" class=\"size-medium wp-image-6532 alignleft\" src=\"http:\/\/femepa.org\/web\/wp-content\/uploads\/2018\/05\/arn_40_Tomi_Kanalec_2018_054-300x200.jpg\" alt=\"\" width=\"300\" height=\"200\" srcset=\"https:\/\/femepa.org\/web\/wp-content\/uploads\/2018\/05\/arn_40_Tomi_Kanalec_2018_054-300x200.jpg 300w, https:\/\/femepa.org\/web\/wp-content\/uploads\/2018\/05\/arn_40_Tomi_Kanalec_2018_054-768x511.jpg 768w, https:\/\/femepa.org\/web\/wp-content\/uploads\/2018\/05\/arn_40_Tomi_Kanalec_2018_054-600x399.jpg 600w, https:\/\/femepa.org\/web\/wp-content\/uploads\/2018\/05\/arn_40_Tomi_Kanalec_2018_054.jpg 1024w\" sizes=\"(max-width: 300px) 100vw, 300px\" \/><\/p>\n<p>En el c\u00f3ctel de llegada, Vicente Marrero, actual presidente de ARN, recibi\u00f3 la visita del hist\u00f3rico presidente de ARN, D. Luis Delgado<\/p>\n<p>&nbsp;<\/p>\n<p>&nbsp;<\/p>\n<p>&nbsp;<\/p>\n<p>&nbsp;<\/p>\n<p>&nbsp;<\/p>\n<p><img loading=\"lazy\" decoding=\"async\" class=\"size-medium wp-image-6533 alignleft\" src=\"http:\/\/femepa.org\/web\/wp-content\/uploads\/2018\/05\/arn_40_Tomi_Kanalec_2018_073-300x200.jpg\" alt=\"\" width=\"300\" height=\"200\" srcset=\"https:\/\/femepa.org\/web\/wp-content\/uploads\/2018\/05\/arn_40_Tomi_Kanalec_2018_073-300x200.jpg 300w, https:\/\/femepa.org\/web\/wp-content\/uploads\/2018\/05\/arn_40_Tomi_Kanalec_2018_073-768x511.jpg 768w, https:\/\/femepa.org\/web\/wp-content\/uploads\/2018\/05\/arn_40_Tomi_Kanalec_2018_073-600x399.jpg 600w, https:\/\/femepa.org\/web\/wp-content\/uploads\/2018\/05\/arn_40_Tomi_Kanalec_2018_073.jpg 1024w\" sizes=\"(max-width: 300px) 100vw, 300px\" \/><\/p>\n<p>&nbsp;<\/p>\n<p>Autoridades del gobierno, Cabildo y Ayuntamiento con el reci\u00e9n nombrado presidente de la Autoridad Portuaria, Juan Jos\u00e9 Cardona, posaron con el presidente Vicente Marrero<\/p>\n<p>&nbsp;<\/p>\n<p>&nbsp;<\/p>\n<p>&nbsp;<\/p>\n<p>&nbsp;<\/p>\n<p><img loading=\"lazy\" decoding=\"async\" class=\"size-medium wp-image-6534 alignleft\" src=\"http:\/\/femepa.org\/web\/wp-content\/uploads\/2018\/05\/arn_40_Tomi_Kanalec_2018_078-300x200.jpg\" alt=\"\" width=\"300\" height=\"200\" srcset=\"https:\/\/femepa.org\/web\/wp-content\/uploads\/2018\/05\/arn_40_Tomi_Kanalec_2018_078-300x200.jpg 300w, https:\/\/femepa.org\/web\/wp-content\/uploads\/2018\/05\/arn_40_Tomi_Kanalec_2018_078-768x513.jpg 768w, https:\/\/femepa.org\/web\/wp-content\/uploads\/2018\/05\/arn_40_Tomi_Kanalec_2018_078-600x401.jpg 600w, https:\/\/femepa.org\/web\/wp-content\/uploads\/2018\/05\/arn_40_Tomi_Kanalec_2018_078.jpg 1024w\" sizes=\"(max-width: 300px) 100vw, 300px\" \/><\/p>\n<p>&nbsp;<\/p>\n<p>Vicente Marrero con Pedro Ortega, Consejero de Industria del Gobierno de Canarias<\/p>\n<p>&nbsp;<\/p>\n<p>&nbsp;<\/p>\n<p>&nbsp;<\/p>\n<p>&nbsp;<\/p>\n<p>&nbsp;<\/p>\n<p><img loading=\"lazy\" decoding=\"async\" class=\"size-medium wp-image-6526 alignleft\" src=\"http:\/\/femepa.org\/web\/wp-content\/uploads\/2018\/05\/arn_40_Tomi_Kanalec_2018_062-300x200.jpg\" alt=\"\" width=\"300\" height=\"200\" srcset=\"https:\/\/femepa.org\/web\/wp-content\/uploads\/2018\/05\/arn_40_Tomi_Kanalec_2018_062-300x200.jpg 300w, https:\/\/femepa.org\/web\/wp-content\/uploads\/2018\/05\/arn_40_Tomi_Kanalec_2018_062-1024x681.jpg 1024w, https:\/\/femepa.org\/web\/wp-content\/uploads\/2018\/05\/arn_40_Tomi_Kanalec_2018_062-768x511.jpg 768w, https:\/\/femepa.org\/web\/wp-content\/uploads\/2018\/05\/arn_40_Tomi_Kanalec_2018_062-1536x1022.jpg 1536w, https:\/\/femepa.org\/web\/wp-content\/uploads\/2018\/05\/arn_40_Tomi_Kanalec_2018_062-2048x1363.jpg 2048w, https:\/\/femepa.org\/web\/wp-content\/uploads\/2018\/05\/arn_40_Tomi_Kanalec_2018_062-600x399.jpg 600w\" sizes=\"(max-width: 300px) 100vw, 300px\" \/><\/p>\n<p>&nbsp;<\/p>\n<p>Juan Jos\u00e9 Cardona, Augusto Hidalgo y Vicente Marrero con el Ex-presidente Luis Delgado y su hijo, el presidente de AEMOTO, Nacho Delgado<\/p>\n<p>&nbsp;<\/p>\n<p>&nbsp;<\/p>\n<p>&nbsp;<\/p>\n<p>&nbsp;<\/p>\n<p><img loading=\"lazy\" decoding=\"async\" class=\"size-medium wp-image-6529 alignleft\" src=\"http:\/\/femepa.org\/web\/wp-content\/uploads\/2018\/05\/arn_40_Tomi_Kanalec_2018_072-1-300x200.jpg\" alt=\"\" width=\"300\" height=\"200\" srcset=\"https:\/\/femepa.org\/web\/wp-content\/uploads\/2018\/05\/arn_40_Tomi_Kanalec_2018_072-1-300x200.jpg 300w, https:\/\/femepa.org\/web\/wp-content\/uploads\/2018\/05\/arn_40_Tomi_Kanalec_2018_072-1-1024x684.jpg 1024w, https:\/\/femepa.org\/web\/wp-content\/uploads\/2018\/05\/arn_40_Tomi_Kanalec_2018_072-1-768x513.jpg 768w, https:\/\/femepa.org\/web\/wp-content\/uploads\/2018\/05\/arn_40_Tomi_Kanalec_2018_072-1-1536x1026.jpg 1536w, https:\/\/femepa.org\/web\/wp-content\/uploads\/2018\/05\/arn_40_Tomi_Kanalec_2018_072-1-2048x1367.jpg 2048w, https:\/\/femepa.org\/web\/wp-content\/uploads\/2018\/05\/arn_40_Tomi_Kanalec_2018_072-1-600x401.jpg 600w\" sizes=\"(max-width: 300px) 100vw, 300px\" \/><\/p>\n<p>&nbsp;<\/p>\n<p>&nbsp;<\/p>\n<p>Parte del Equipo de FEMEPA, a la llegada al fotocall<\/p>\n<p>&nbsp;<\/p>\n<p>&nbsp;<\/p>\n<p>&nbsp;<\/p>\n<p>&nbsp;<\/p>\n<p><img loading=\"lazy\" decoding=\"async\" class=\"size-medium wp-image-6537 alignleft\" src=\"http:\/\/femepa.org\/web\/wp-content\/uploads\/2018\/05\/arn_40_Tomi_Kanalec_2018_100-300x200.jpg\" alt=\"\" width=\"300\" height=\"200\" srcset=\"https:\/\/femepa.org\/web\/wp-content\/uploads\/2018\/05\/arn_40_Tomi_Kanalec_2018_100-300x200.jpg 300w, https:\/\/femepa.org\/web\/wp-content\/uploads\/2018\/05\/arn_40_Tomi_Kanalec_2018_100-768x513.jpg 768w, https:\/\/femepa.org\/web\/wp-content\/uploads\/2018\/05\/arn_40_Tomi_Kanalec_2018_100-600x401.jpg 600w, https:\/\/femepa.org\/web\/wp-content\/uploads\/2018\/05\/arn_40_Tomi_Kanalec_2018_100.jpg 1024w\" sizes=\"(max-width: 300px) 100vw, 300px\" \/><\/p>\n<p>&nbsp;<\/p>\n<p>A la llegada al Deep Sea, los asistentes se encontraron con esta espectacular puesta en escena.<\/p>\n<p>&nbsp;<\/p>\n<p>&nbsp;<\/p>\n<p>&nbsp;<\/p>\n<p>&nbsp;<\/p>\n<p>&nbsp;<\/p>\n<p><img loading=\"lazy\" decoding=\"async\" class=\"size-medium wp-image-6540 alignleft\" src=\"http:\/\/femepa.org\/web\/wp-content\/uploads\/2018\/05\/arn_40_Tomi_Kanalec_2018_115-2-300x200.jpg\" alt=\"\" width=\"300\" height=\"200\" srcset=\"https:\/\/femepa.org\/web\/wp-content\/uploads\/2018\/05\/arn_40_Tomi_Kanalec_2018_115-2-300x200.jpg 300w, https:\/\/femepa.org\/web\/wp-content\/uploads\/2018\/05\/arn_40_Tomi_Kanalec_2018_115-2-768x513.jpg 768w, https:\/\/femepa.org\/web\/wp-content\/uploads\/2018\/05\/arn_40_Tomi_Kanalec_2018_115-2-600x401.jpg 600w, https:\/\/femepa.org\/web\/wp-content\/uploads\/2018\/05\/arn_40_Tomi_Kanalec_2018_115-2.jpg 1024w\" sizes=\"(max-width: 300px) 100vw, 300px\" \/><\/p>\n<p>&nbsp;<\/p>\n<p>&nbsp;<\/p>\n<p>Vicente Marrero en el discurso de bienvenida<\/p>\n<p>&nbsp;<\/p>\n<p>&nbsp;<\/p>\n<p>&nbsp;<\/p>\n<p>&nbsp;<\/p>\n<p><img loading=\"lazy\" decoding=\"async\" class=\"size-medium wp-image-6541 alignleft\" src=\"http:\/\/femepa.org\/web\/wp-content\/uploads\/2018\/05\/arn_40_Tomi_Kanalec_2018_119-300x200.jpg\" alt=\"\" width=\"300\" height=\"200\" srcset=\"https:\/\/femepa.org\/web\/wp-content\/uploads\/2018\/05\/arn_40_Tomi_Kanalec_2018_119-300x200.jpg 300w, https:\/\/femepa.org\/web\/wp-content\/uploads\/2018\/05\/arn_40_Tomi_Kanalec_2018_119-768x513.jpg 768w, https:\/\/femepa.org\/web\/wp-content\/uploads\/2018\/05\/arn_40_Tomi_Kanalec_2018_119-600x401.jpg 600w, https:\/\/femepa.org\/web\/wp-content\/uploads\/2018\/05\/arn_40_Tomi_Kanalec_2018_119.jpg 1024w\" sizes=\"(max-width: 300px) 100vw, 300px\" \/><\/p>\n<p>&nbsp;<\/p>\n<p>La ceremonia de bienvenida a los invitados, con Vicente Marrero y los tiburones al acecho.<\/p>\n<p>&nbsp;<\/p>\n<p>&nbsp;<\/p>\n<p>&nbsp;<\/p>\n<p>&nbsp;<\/p>\n<p>&nbsp;<\/p>\n<p><img loading=\"lazy\" decoding=\"async\" class=\"size-medium wp-image-6531 alignleft\" src=\"http:\/\/femepa.org\/web\/wp-content\/uploads\/2018\/05\/arn_40_Tomi_Kanalec_2018_125-300x200.jpg\" alt=\"\" width=\"300\" height=\"200\" srcset=\"https:\/\/femepa.org\/web\/wp-content\/uploads\/2018\/05\/arn_40_Tomi_Kanalec_2018_125-300x200.jpg 300w, https:\/\/femepa.org\/web\/wp-content\/uploads\/2018\/05\/arn_40_Tomi_Kanalec_2018_125-1024x684.jpg 1024w, https:\/\/femepa.org\/web\/wp-content\/uploads\/2018\/05\/arn_40_Tomi_Kanalec_2018_125-768x513.jpg 768w, https:\/\/femepa.org\/web\/wp-content\/uploads\/2018\/05\/arn_40_Tomi_Kanalec_2018_125-1536x1026.jpg 1536w, https:\/\/femepa.org\/web\/wp-content\/uploads\/2018\/05\/arn_40_Tomi_Kanalec_2018_125-2048x1367.jpg 2048w, https:\/\/femepa.org\/web\/wp-content\/uploads\/2018\/05\/arn_40_Tomi_Kanalec_2018_125-600x401.jpg 600w\" sizes=\"(max-width: 300px) 100vw, 300px\" \/><\/p>\n<p>&nbsp;<\/p>\n<p>En la ceremonia, hubo un reconocimiento especial a SACSA.<\/p>\n<p>&nbsp;<\/p>\n<p>&nbsp;<\/p>\n<p>&nbsp;<\/p>\n<p>&nbsp;<\/p>\n<p>&nbsp;<\/p>\n<p><img loading=\"lazy\" decoding=\"async\" class=\"size-medium wp-image-6542 alignleft\" src=\"http:\/\/femepa.org\/web\/wp-content\/uploads\/2018\/05\/arn_40_Tomi_Kanalec_2018_128-300x200.jpg\" alt=\"\" width=\"300\" height=\"200\" srcset=\"https:\/\/femepa.org\/web\/wp-content\/uploads\/2018\/05\/arn_40_Tomi_Kanalec_2018_128-300x200.jpg 300w, https:\/\/femepa.org\/web\/wp-content\/uploads\/2018\/05\/arn_40_Tomi_Kanalec_2018_128-768x513.jpg 768w, https:\/\/femepa.org\/web\/wp-content\/uploads\/2018\/05\/arn_40_Tomi_Kanalec_2018_128-600x401.jpg 600w, https:\/\/femepa.org\/web\/wp-content\/uploads\/2018\/05\/arn_40_Tomi_Kanalec_2018_128.jpg 1024w\" sizes=\"(max-width: 300px) 100vw, 300px\" \/><\/p>\n<p>&nbsp;<\/p>\n<p>Cristina Ramos fue la artista encargada de poner su extraordinaria voz acompa\u00f1ada por Antonio Brito al piano. Canciones que hablaban de Canarias y del mar<\/p>\n<p>&nbsp;<\/p>\n<p>&nbsp;<\/p>\n<p>&nbsp;<\/p>\n<p>&nbsp;<\/p>\n<p><img loading=\"lazy\" decoding=\"async\" class=\"size-medium wp-image-6544 alignleft\" src=\"http:\/\/femepa.org\/web\/wp-content\/uploads\/2018\/05\/arn_40_Tomi_Kanalec_2018_141-300x200.jpg\" alt=\"\" width=\"300\" height=\"200\" srcset=\"https:\/\/femepa.org\/web\/wp-content\/uploads\/2018\/05\/arn_40_Tomi_Kanalec_2018_141-300x200.jpg 300w, https:\/\/femepa.org\/web\/wp-content\/uploads\/2018\/05\/arn_40_Tomi_Kanalec_2018_141-768x513.jpg 768w, https:\/\/femepa.org\/web\/wp-content\/uploads\/2018\/05\/arn_40_Tomi_Kanalec_2018_141-600x401.jpg 600w, https:\/\/femepa.org\/web\/wp-content\/uploads\/2018\/05\/arn_40_Tomi_Kanalec_2018_141.jpg 1024w\" sizes=\"(max-width: 300px) 100vw, 300px\" \/><\/p>\n<p>&nbsp;<\/p>\n<p>&nbsp;<\/p>\n<p>Yeray Rodriguez apareci\u00f3 tras los postres y volvi\u00f3 a dejar con la boca abierta a los asistentes con su don de la palabra. El verseador puso\u00a0m\u00fasica, humor e ingenio.<\/p>\n<p>&nbsp;<\/p>\n<p>&nbsp;<\/p>\n<p>&nbsp;<\/p>\n<p><img loading=\"lazy\" decoding=\"async\" class=\"size-medium wp-image-6547 alignleft\" src=\"http:\/\/femepa.org\/web\/wp-content\/uploads\/2018\/05\/arn_40_Tomi_Kanalec_2018_153-300x200.jpg\" alt=\"\" width=\"300\" height=\"200\" srcset=\"https:\/\/femepa.org\/web\/wp-content\/uploads\/2018\/05\/arn_40_Tomi_Kanalec_2018_153-300x200.jpg 300w, https:\/\/femepa.org\/web\/wp-content\/uploads\/2018\/05\/arn_40_Tomi_Kanalec_2018_153-768x513.jpg 768w, https:\/\/femepa.org\/web\/wp-content\/uploads\/2018\/05\/arn_40_Tomi_Kanalec_2018_153-600x401.jpg 600w, https:\/\/femepa.org\/web\/wp-content\/uploads\/2018\/05\/arn_40_Tomi_Kanalec_2018_153.jpg 1024w\" sizes=\"(max-width: 300px) 100vw, 300px\" \/><\/p>\n<p>&nbsp;<\/p>\n<p>La sorpresa de la noche fue la llegada de El Colorao, el famoso timplista que acompa\u00f1\u00f3 a Yeray en la actuaci\u00f3n y nos ense\u00f1\u00f3 su manera de acariciar el timple. Tan f\u00e1cil parece<\/p>\n<p>&nbsp;<\/p>\n<p>&nbsp;<\/p>\n<p>&nbsp;<\/p>\n<p>&nbsp;<\/p>\n<p><img loading=\"lazy\" decoding=\"async\" class=\"size-medium wp-image-6545 alignleft\" src=\"http:\/\/femepa.org\/web\/wp-content\/uploads\/2018\/05\/arn_40_Tomi_Kanalec_2018_145-300x200.jpg\" alt=\"\" width=\"300\" height=\"200\" srcset=\"https:\/\/femepa.org\/web\/wp-content\/uploads\/2018\/05\/arn_40_Tomi_Kanalec_2018_145-300x200.jpg 300w, https:\/\/femepa.org\/web\/wp-content\/uploads\/2018\/05\/arn_40_Tomi_Kanalec_2018_145-768x513.jpg 768w, https:\/\/femepa.org\/web\/wp-content\/uploads\/2018\/05\/arn_40_Tomi_Kanalec_2018_145-600x401.jpg 600w, https:\/\/femepa.org\/web\/wp-content\/uploads\/2018\/05\/arn_40_Tomi_Kanalec_2018_145.jpg 1024w\" sizes=\"(max-width: 300px) 100vw, 300px\" \/><\/p>\n<p>&nbsp;<\/p>\n<p>Probablemente el momento m\u00e1s bonito fue la velada fue cuando Yeray Rodriguez llam\u00f3 a Cristina al escenario y, acompa\u00f1ados por el Colorao, cantaron una fol\u00eda dedicada al puerto, donde Yeray apuntaba la letra y Cristina pon\u00eda la voz.<\/p>\n<p>&nbsp;<\/p>\n<p>&nbsp;<\/p>\n<p>&nbsp;<\/p>\n<p>&nbsp;<\/p>\n<p>&nbsp;<\/p>\n<p>&nbsp;<\/p>\n<p>&nbsp;<\/p>\n<p>&nbsp;<\/p>\n<p>&nbsp;<\/p>\n<p>&nbsp;<\/p>\n<p>&nbsp;<\/p>\n<p>&nbsp;<\/p>\n<p>&nbsp;<\/p>\n","protected":false},"excerpt":{"rendered":"<p>&nbsp; &nbsp; El nuevo acuario Poema de Mar fue el lugar donde se celebr\u00f3 la Gala, que recibi\u00f3 a los invitados con una alfombra roja &nbsp; &nbsp; &nbsp; &nbsp; &nbsp; La foto de las autoridades pol\u00edticas y directivos a la llegada, con Vicente Marrero en el\u00a0centro &nbsp; &nbsp; &nbsp; En el c\u00f3ctel de llegada, Vicente [&hellip;]<\/p>\n","protected":false},"author":4,"featured_media":6538,"comment_status":"closed","ping_status":"closed","sticky":false,"template":"","format":"standard","meta":{"_acf_changed":false,"rs_blank_template":"","rs_page_bg_color":"","slide_template_v7":"","footnotes":""},"categories":[1],"tags":[461,289,64,462,393],"class_list":["post-6521","post","type-post","status-publish","format-standard","has-post-thumbnail","hentry","category-sin-categoria","tag-arn-gala","tag-cristina-ramos","tag-femepa","tag-poema-de-mar","tag-yeray-rodriguez"],"acf":[],"_links":{"self":[{"href":"https:\/\/femepa.org\/web\/wp-json\/wp\/v2\/posts\/6521","targetHints":{"allow":["GET"]}}],"collection":[{"href":"https:\/\/femepa.org\/web\/wp-json\/wp\/v2\/posts"}],"about":[{"href":"https:\/\/femepa.org\/web\/wp-json\/wp\/v2\/types\/post"}],"author":[{"embeddable":true,"href":"https:\/\/femepa.org\/web\/wp-json\/wp\/v2\/users\/4"}],"replies":[{"embeddable":true,"href":"https:\/\/femepa.org\/web\/wp-json\/wp\/v2\/comments?post=6521"}],"version-history":[{"count":0,"href":"https:\/\/femepa.org\/web\/wp-json\/wp\/v2\/posts\/6521\/revisions"}],"wp:featuredmedia":[{"embeddable":true,"href":"https:\/\/femepa.org\/web\/wp-json\/wp\/v2\/media\/6538"}],"wp:attachment":[{"href":"https:\/\/femepa.org\/web\/wp-json\/wp\/v2\/media?parent=6521"}],"wp:term":[{"taxonomy":"category","embeddable":true,"href":"https:\/\/femepa.org\/web\/wp-json\/wp\/v2\/categories?post=6521"},{"taxonomy":"post_tag","embeddable":true,"href":"https:\/\/femepa.org\/web\/wp-json\/wp\/v2\/tags?post=6521"}],"curies":[{"name":"wp","href":"https:\/\/api.w.org\/{rel}","templated":true}]}}