{"id":6625,"date":"2018-06-06T23:43:14","date_gmt":"2018-06-06T23:43:14","guid":{"rendered":"http:\/\/femepa.org\/web\/?p=6625"},"modified":"2018-06-06T23:43:14","modified_gmt":"2018-06-06T23:43:14","slug":"jornada-sobre-el-factor-humano-en-los-accidentes-laborales","status":"publish","type":"post","link":"https:\/\/femepa.org\/web\/jornada-sobre-el-factor-humano-en-los-accidentes-laborales\/","title":{"rendered":"Jornada sobre El factor humano en los accidentes laborales"},"content":{"rendered":"<p>El mi\u00e9rcoles, 13 de junio de 2018 en el Sal\u00f3n de actos de la Autoridad Portuaria de Las Palmas, se celebrar\u00e1 una jornada sobre el factor humano en los accidentes laborales. Las causas de los accidentes de trabajo pueden ser muy diversas pero siempre tienen un origen t\u00e9cnico, material, humano y organizacional. Est\u00e1n relacionadas entre si en la mayor parte de los accidentes, de tal manera que si no act\u00faan de manera conjunta no se producir\u00eda el accidente. La experiencia nos dice que cualquier acci\u00f3n preventiva sobre el factor humano no es nada f\u00e1cil ya que hablamos de cambios de comportamientos.<\/p>\n<p>Por ello, es necesario que en el sistema de gesti\u00f3n de prevenci\u00f3n de la empresa se planifiquen actuaciones para abordar esta causa e incrementar la seguridad del trabajador.<\/p>\n<p>En esta jornada se abordar\u00e1 la importancia del factor humano desde diferentes puntos de vista; la organizaci\u00f3n, el comportamiento humano, los riesgos psicosociales, las actuaciones indebidas, la actitud frente a los riesgos, el estr\u00e9s, etc.<\/p>\n<p>La jornada esta dirigida a empresarios, directivos, t\u00e9cnicos de prevenci\u00f3n y personal con responsabilidades en materia preventiva.<\/p>\n<p>Inscripci\u00f3n Para\u00a0 m\u00e1s informaci\u00f3n sobre el programa y c\u00f3mo asistir a esta jornada, inscr\u00edbete <a href=\"https:\/\/we.tl\/ssgQEDTfh3\">aqu\u00ed<\/a> y rem\u00edtelo a la direcci\u00f3n de e-mail: vperezcastro@asepeyo.es<\/p>\n","protected":false},"excerpt":{"rendered":"<p>El mi\u00e9rcoles, 13 de junio de 2018 en el Sal\u00f3n de actos de la Autoridad Portuaria de Las Palmas, se celebrar\u00e1 una jornada sobre el factor humano en los accidentes laborales. Las causas de los accidentes de trabajo pueden ser muy diversas pero siempre tienen un origen t\u00e9cnico, material, humano y organizacional. Est\u00e1n relacionadas entre [&hellip;]<\/p>\n","protected":false},"author":4,"featured_media":6626,"comment_status":"closed","ping_status":"closed","sticky":false,"template":"","format":"standard","meta":{"_acf_changed":false,"rs_blank_template":"","rs_page_bg_color":"","slide_template_v7":"","footnotes":""},"categories":[1],"tags":[],"class_list":["post-6625","post","type-post","status-publish","format-standard","has-post-thumbnail","hentry","category-sin-categoria"],"acf":[],"_links":{"self":[{"href":"https:\/\/femepa.org\/web\/wp-json\/wp\/v2\/posts\/6625","targetHints":{"allow":["GET"]}}],"collection":[{"href":"https:\/\/femepa.org\/web\/wp-json\/wp\/v2\/posts"}],"about":[{"href":"https:\/\/femepa.org\/web\/wp-json\/wp\/v2\/types\/post"}],"author":[{"embeddable":true,"href":"https:\/\/femepa.org\/web\/wp-json\/wp\/v2\/users\/4"}],"replies":[{"embeddable":true,"href":"https:\/\/femepa.org\/web\/wp-json\/wp\/v2\/comments?post=6625"}],"version-history":[{"count":0,"href":"https:\/\/femepa.org\/web\/wp-json\/wp\/v2\/posts\/6625\/revisions"}],"wp:featuredmedia":[{"embeddable":true,"href":"https:\/\/femepa.org\/web\/wp-json\/wp\/v2\/media\/6626"}],"wp:attachment":[{"href":"https:\/\/femepa.org\/web\/wp-json\/wp\/v2\/media?parent=6625"}],"wp:term":[{"taxonomy":"category","embeddable":true,"href":"https:\/\/femepa.org\/web\/wp-json\/wp\/v2\/categories?post=6625"},{"taxonomy":"post_tag","embeddable":true,"href":"https:\/\/femepa.org\/web\/wp-json\/wp\/v2\/tags?post=6625"}],"curies":[{"name":"wp","href":"https:\/\/api.w.org\/{rel}","templated":true}]}}