{"id":6631,"date":"2018-06-10T18:24:13","date_gmt":"2018-06-10T18:24:13","guid":{"rendered":"http:\/\/femepa.org\/web\/?p=6631"},"modified":"2018-06-10T18:24:13","modified_gmt":"2018-06-10T18:24:13","slug":"jornada-industria-4-0-como-realizar-la-transformacion-digital-en-tu-empresa","status":"publish","type":"post","link":"https:\/\/femepa.org\/web\/jornada-industria-4-0-como-realizar-la-transformacion-digital-en-tu-empresa\/","title":{"rendered":"JORNADA INDUSTRIA 4.0 &#8211; C\u00f3mo realizar la Transformaci\u00f3n Digital en tu empresa"},"content":{"rendered":"<p>Los nuevos modelos tecnol\u00f3gicos, la hiperconectividad y la globalizaci\u00f3n de la econom\u00eda est\u00e1n planteando importantes oportunidades y retos a nuestra econom\u00eda. La industria tambi\u00e9n debe abordar estas oportunidades y retos para evolucionar y posicionarse como un sector fuerte, competitivo y de referencia internacional.<\/p>\n<p>Por ello el viernes 22 de junio<strong> a las 9:15 horas en el Sal\u00f3n de Actos de FEMEPA (C\/Le\u00f3n y Castillo 89 5\u00aa Planta) <\/strong>tendr\u00e1 lugar la JORNADA <strong>\u201cINDUSTRIA 4.0 &#8211; C\u00f3mo realizar la Transformaci\u00f3n Digital en tu empresa\u201d\u201d<\/strong><strong>, organizada por ASINCA y la RED CIDE y en el que participa nuestro socio colaborador The Valley Digital Business School,<\/strong> empresa de formaci\u00f3n especializada en el sector digital cuyo objetivo es acompa\u00f1ar a personas y empresas a prepararse para el nuevo entorno conectando talento, conocimiento e innovaci\u00f3n<\/p>\n<p>Esta jornada tiene como <strong>objetivo<\/strong> plantear las l\u00edneas de transformaci\u00f3n digital m\u00e1s relevantes para la industria. Para ello se expondr\u00e1n las principales claves y tecnolog\u00edas de la Industria 4.0, las estrategias de digitalizaci\u00f3n a nivel mundial y las caracter\u00edsticas del Internet de las cosas Industrial. La jornada contar\u00e1 como <strong>ponente con Jon Olega, Experto en transformaci\u00f3n, marketing digital y metodolog\u00eda Agile aplicada en la transformaci\u00f3n digital de las empresas<\/strong><\/p>\n<p>La jornada est\u00e1 <strong>dirigida a<\/strong>: directivos, gestores empresariales, directores de RRHH y responsables econ\u00f3micos\/financieros y de transformaci\u00f3n digital, marketing\u00a0 e innovaci\u00f3n de las empresas canarias, as\u00ed como personas relacionadas o interesadas en la Industria 4.0<\/p>\n<p><strong>Adjunto se remite el programa de la jornada. Si estas interesado en asistir y dado que el aforo es limitado se ruega cumplimentar la inscripci\u00f3n en el siguiente <\/strong><a href=\"https:\/\/docs.google.com\/forms\/d\/e\/1FAIpQLScIjKplf5ThLX9NX90IcSpTEF07ledBPGNLc40UOOJC__5y3Q\/viewform\"><strong>ENLACE<\/strong><\/a><strong> . En caso de tener alg\u00fan problema puedes contactar conmigo en <\/strong><a href=\"mailto:redcide@asincalaspalmas.com\"><strong>redcide@asincalaspalmas.com<\/strong><\/a><\/p>\n<p><strong>\u00a0<\/strong><\/p>\n<p>Anim\u00e1ndote a que asistas a esta interesante jornada y que la difundas entre tus colegiados si lo estimas oportuno, recibe un cordial saludo.<\/p>\n","protected":false},"excerpt":{"rendered":"<p>Los nuevos modelos tecnol\u00f3gicos, la hiperconectividad y la globalizaci\u00f3n de la econom\u00eda est\u00e1n planteando importantes oportunidades y retos a nuestra econom\u00eda. La industria tambi\u00e9n debe abordar estas oportunidades y retos para evolucionar y posicionarse como un sector fuerte, competitivo y de referencia internacional. Por ello el viernes 22 de junio a las 9:15 horas en [&hellip;]<\/p>\n","protected":false},"author":4,"featured_media":6632,"comment_status":"closed","ping_status":"closed","sticky":false,"template":"","format":"standard","meta":{"_acf_changed":false,"rs_blank_template":"","rs_page_bg_color":"","slide_template_v7":"","footnotes":""},"categories":[1],"tags":[],"class_list":["post-6631","post","type-post","status-publish","format-standard","has-post-thumbnail","hentry","category-sin-categoria"],"acf":[],"_links":{"self":[{"href":"https:\/\/femepa.org\/web\/wp-json\/wp\/v2\/posts\/6631","targetHints":{"allow":["GET"]}}],"collection":[{"href":"https:\/\/femepa.org\/web\/wp-json\/wp\/v2\/posts"}],"about":[{"href":"https:\/\/femepa.org\/web\/wp-json\/wp\/v2\/types\/post"}],"author":[{"embeddable":true,"href":"https:\/\/femepa.org\/web\/wp-json\/wp\/v2\/users\/4"}],"replies":[{"embeddable":true,"href":"https:\/\/femepa.org\/web\/wp-json\/wp\/v2\/comments?post=6631"}],"version-history":[{"count":0,"href":"https:\/\/femepa.org\/web\/wp-json\/wp\/v2\/posts\/6631\/revisions"}],"wp:featuredmedia":[{"embeddable":true,"href":"https:\/\/femepa.org\/web\/wp-json\/wp\/v2\/media\/6632"}],"wp:attachment":[{"href":"https:\/\/femepa.org\/web\/wp-json\/wp\/v2\/media?parent=6631"}],"wp:term":[{"taxonomy":"category","embeddable":true,"href":"https:\/\/femepa.org\/web\/wp-json\/wp\/v2\/categories?post=6631"},{"taxonomy":"post_tag","embeddable":true,"href":"https:\/\/femepa.org\/web\/wp-json\/wp\/v2\/tags?post=6631"}],"curies":[{"name":"wp","href":"https:\/\/api.w.org\/{rel}","templated":true}]}}