{"id":6679,"date":"2018-06-11T18:30:14","date_gmt":"2018-06-11T18:30:14","guid":{"rendered":"http:\/\/femepa.org\/web\/?p=6679"},"modified":"2018-06-11T18:30:14","modified_gmt":"2018-06-11T18:30:14","slug":"el-dia-de-la-energia-en-gran-canaria-el-proximo-14-de-junio","status":"publish","type":"post","link":"https:\/\/femepa.org\/web\/el-dia-de-la-energia-en-gran-canaria-el-proximo-14-de-junio\/","title":{"rendered":"El d\u00eda de la Energ\u00eda en Gran Canaria, el pr\u00f3ximo 14 de junio"},"content":{"rendered":"<p style=\"text-align: justify;line-height: 15.0pt\"><span style=\"font-size: 10.5pt;font-family: 'Arial',sans-serif;color: #333333\">El pr\u00f3ximo jueves 14 de Junio \u00a0tendr\u00e1 lugar en el Recinto Ferial de INFECAR, la celebraci\u00f3n del d\u00eda de la Energ\u00eda de GRAN CANARIA con la realizaci\u00f3n de una serie de actos a lo largo de ese d\u00eda organizados por el Cabildo de Gran Canaria con la colaboraci\u00f3n de FEMEPA y de la empresa Energy Hub.<\/span><\/p>\n<p style=\"text-align: justify;line-height: 15.0pt\"><span style=\"font-size: 10.5pt;font-family: 'Arial',sans-serif;color: #333333\">\u00a0<\/span><\/p>\n<p style=\"text-align: justify;line-height: 15.0pt\"><span style=\"font-size: 10.5pt;font-family: 'Arial',sans-serif;color: #333333\">A lo largo de ese d\u00eda se tiene previsto celebrar desde la 09:30h. de la ma\u00f1ana una nueva Edici\u00f3n del Concurso de J\u00f3venes Electricistas, organizado por la Asociaci\u00f3n de Instaladores El\u00e9ctricos de Las Palmas (AIELPA), con la participaci\u00f3n de alumnos de diferentes institutos de FP de nuestra provincia.<\/span><\/p>\n<p style=\"text-align: justify;line-height: 15.0pt\"><span style=\"font-size: 10.5pt;font-family: 'Arial',sans-serif;color: #333333\">\u00a0<\/span><\/p>\n<p style=\"text-align: justify;line-height: 15.0pt\"><span style=\"font-size: 10.5pt;font-family: 'Arial',sans-serif;color: #333333\">A lo largo de esa misma ma\u00f1ana se tiene previsto tambi\u00e9n celebrar varias visitas por parte de los mas peque\u00f1os de nuestra isla a diferentes instalaciones relacionadas con las Energ\u00edas Renovables (Instituto Tecnol\u00f3gico de Canarias, Parques e\u00f3licos y fotovoltaicos, etc\u2026.)<\/span><\/p>\n<p style=\"text-align: justify;line-height: 15.0pt\"><span style=\"font-size: 10.5pt;font-family: 'Arial',sans-serif;color: #333333\">\u00a0<\/span><\/p>\n<p style=\"text-align: justify;line-height: 15.0pt\"><span style=\"font-size: 10.5pt;font-family: 'Arial',sans-serif;color: #333333\">Ya por la tarde se tiene previsto impartir en los salones de INFECAR a partir de las 17:00h., varias ponencias orientadas al uso de las energ\u00edas renovables, donde no solo se va a informar con detalle de los beneficios de este tipo de energ\u00edas, sino tambi\u00e9n de las subvenciones que el propio Cabildo de Gran Canaria tiene previsto destinar a las instalaciones de este tipo en viviendas.<\/span><\/p>\n<p style=\"text-align: justify;line-height: 15.0pt\"><span style=\"font-size: 10.5pt;font-family: 'Arial',sans-serif;color: #333333\">\u00a0<\/span><\/p>\n<p style=\"text-align: justify;line-height: 15.0pt\"><span style=\"font-size: 10.5pt;font-family: 'Arial',sans-serif;color: #333333\">Se adjunta el detalle del programa a celebrar durante la tarde del jueves.<\/span><\/p>\n<p style=\"text-align: justify;line-height: 15.0pt\"><span style=\"font-size: 10.5pt;font-family: 'Arial',sans-serif;color: #333333\">\u00a0<\/span><\/p>\n<p style=\"text-align: justify;line-height: 15.0pt\"><span style=\"font-size: 10.5pt;font-family: 'Arial',sans-serif;color: #333333\">El acto finalizar\u00e1 con la celebraci\u00f3n de un coctail para los asistentes.<\/span><\/p>\n<p style=\"text-align: justify;line-height: 15.0pt\"><span style=\"font-size: 10.5pt;font-family: 'Arial',sans-serif;color: #333333\">\u00a0<\/span><\/p>\n<p style=\"text-align: justify;line-height: 15.0pt\"><span style=\"font-size: 10.5pt;font-family: 'Arial',sans-serif;color: #333333\">En caso de estar interesado en acudir a las jornadas de la tarde, deber\u00e1 comunicar su asistencia al e.mail: <a href=\"mailto:info@energyhub.es\">info@energyhub.es<\/a><\/span><\/p>\n","protected":false},"excerpt":{"rendered":"<p>El pr\u00f3ximo jueves 14 de Junio \u00a0tendr\u00e1 lugar en el Recinto Ferial de INFECAR, la celebraci\u00f3n del d\u00eda de la Energ\u00eda de GRAN CANARIA con la realizaci\u00f3n de una serie de actos a lo largo de ese d\u00eda organizados por el Cabildo de Gran Canaria con la colaboraci\u00f3n de FEMEPA y de la empresa Energy [&hellip;]<\/p>\n","protected":false},"author":4,"featured_media":6680,"comment_status":"closed","ping_status":"closed","sticky":false,"template":"","format":"standard","meta":{"_acf_changed":false,"rs_blank_template":"","rs_page_bg_color":"","slide_template_v7":"","footnotes":""},"categories":[1],"tags":[],"class_list":["post-6679","post","type-post","status-publish","format-standard","has-post-thumbnail","hentry","category-sin-categoria"],"acf":[],"_links":{"self":[{"href":"https:\/\/femepa.org\/web\/wp-json\/wp\/v2\/posts\/6679","targetHints":{"allow":["GET"]}}],"collection":[{"href":"https:\/\/femepa.org\/web\/wp-json\/wp\/v2\/posts"}],"about":[{"href":"https:\/\/femepa.org\/web\/wp-json\/wp\/v2\/types\/post"}],"author":[{"embeddable":true,"href":"https:\/\/femepa.org\/web\/wp-json\/wp\/v2\/users\/4"}],"replies":[{"embeddable":true,"href":"https:\/\/femepa.org\/web\/wp-json\/wp\/v2\/comments?post=6679"}],"version-history":[{"count":0,"href":"https:\/\/femepa.org\/web\/wp-json\/wp\/v2\/posts\/6679\/revisions"}],"wp:featuredmedia":[{"embeddable":true,"href":"https:\/\/femepa.org\/web\/wp-json\/wp\/v2\/media\/6680"}],"wp:attachment":[{"href":"https:\/\/femepa.org\/web\/wp-json\/wp\/v2\/media?parent=6679"}],"wp:term":[{"taxonomy":"category","embeddable":true,"href":"https:\/\/femepa.org\/web\/wp-json\/wp\/v2\/categories?post=6679"},{"taxonomy":"post_tag","embeddable":true,"href":"https:\/\/femepa.org\/web\/wp-json\/wp\/v2\/tags?post=6679"}],"curies":[{"name":"wp","href":"https:\/\/api.w.org\/{rel}","templated":true}]}}