{"id":6719,"date":"2018-06-22T13:02:50","date_gmt":"2018-06-22T13:02:50","guid":{"rendered":"http:\/\/femepa.org\/web\/?p=6719"},"modified":"2018-06-22T13:02:50","modified_gmt":"2018-06-22T13:02:50","slug":"femepa-en-el-x-aniversario-de-fundacion-canaria-parque-cientifico-tecnologico-de-la-ulpgc","status":"publish","type":"post","link":"https:\/\/femepa.org\/web\/femepa-en-el-x-aniversario-de-fundacion-canaria-parque-cientifico-tecnologico-de-la-ulpgc\/","title":{"rendered":"Femepa en el X Aniversario de Fundaci\u00f3n Canaria Parque Cient\u00edfico Tecnol\u00f3gico de la ULPGC"},"content":{"rendered":"<p>El Secretario General de Femepa asisti\u00f3 al Acto Conmemorativo del 10\u00ba Aniversario de Fundaci\u00f3n Canaria Parque Cient\u00edfico Tecnol\u00f3gico de la ULPGC.<\/p>\n<p>El acto cont\u00f3 con las intervenciones de:<\/p>\n<p>&#8211; Rafael Robaina Romero; Rector de la Universidad de Las Palmas de Gran Canaria.<\/p>\n<p>&#8211; Antonio Morales M\u00e9ndez; Presidente del Cabildo de Gran Canaria.<\/p>\n<p>&#8211; Pedro Ortega Rodr\u00edguez; Consejero de Econom\u00eda, Industria, Comercio y Conocimiento del Gobierno de Canarias.<\/p>\n<p>&#8211; Ciro Guti\u00e9rrez Ascanio; Director General de Universidades del Gobierno de Canarias.<\/p>\n<p>&#8211; Augusto Hidalgo Macario; Alcalde de la Ciudad de Las Palmas de Gran Canaria.<\/p>\n<p>&#8211; Antonio Marcelino Santana Gonz\u00e1lez; Director-Gerente de la Fundaci\u00f3n Canaria Parque Cient\u00edfico Tecnol\u00f3gico de la ULPGC<\/p>\n<p>El 17 de junio de 2008 se constituye la Fundaci\u00f3n Canaria Parque Cient\u00edfico Tecnol\u00f3gico de la Universidad de Las Palmas de Gran Canaria (FCPCT), siendo las entidades fundadoras la Universidad de Las Palmas de Gran Canaria y el Cabildo de Gran Canaria. Su misi\u00f3n es la producci\u00f3n y gesti\u00f3n de la I+D+i, as\u00ed como la prestaci\u00f3n de servicios de alta especializaci\u00f3n, estimulando y gestionando el flujo de conocimiento y tecnolog\u00eda entre la Universidad, instituciones de investigaci\u00f3n, empresas y mercados.<\/p>\n","protected":false},"excerpt":{"rendered":"<p>El Secretario General de Femepa asisti\u00f3 al Acto Conmemorativo del 10\u00ba Aniversario de Fundaci\u00f3n Canaria Parque Cient\u00edfico Tecnol\u00f3gico de la ULPGC. El acto cont\u00f3 con las intervenciones de: &#8211; Rafael Robaina Romero; Rector de la Universidad de Las Palmas de Gran Canaria. &#8211; Antonio Morales M\u00e9ndez; Presidente del Cabildo de Gran Canaria. &#8211; Pedro Ortega [&hellip;]<\/p>\n","protected":false},"author":4,"featured_media":6720,"comment_status":"closed","ping_status":"closed","sticky":false,"template":"","format":"standard","meta":{"_acf_changed":false,"rs_blank_template":"","rs_page_bg_color":"","slide_template_v7":"","footnotes":""},"categories":[1],"tags":[],"class_list":["post-6719","post","type-post","status-publish","format-standard","has-post-thumbnail","hentry","category-sin-categoria"],"acf":[],"_links":{"self":[{"href":"https:\/\/femepa.org\/web\/wp-json\/wp\/v2\/posts\/6719","targetHints":{"allow":["GET"]}}],"collection":[{"href":"https:\/\/femepa.org\/web\/wp-json\/wp\/v2\/posts"}],"about":[{"href":"https:\/\/femepa.org\/web\/wp-json\/wp\/v2\/types\/post"}],"author":[{"embeddable":true,"href":"https:\/\/femepa.org\/web\/wp-json\/wp\/v2\/users\/4"}],"replies":[{"embeddable":true,"href":"https:\/\/femepa.org\/web\/wp-json\/wp\/v2\/comments?post=6719"}],"version-history":[{"count":0,"href":"https:\/\/femepa.org\/web\/wp-json\/wp\/v2\/posts\/6719\/revisions"}],"wp:featuredmedia":[{"embeddable":true,"href":"https:\/\/femepa.org\/web\/wp-json\/wp\/v2\/media\/6720"}],"wp:attachment":[{"href":"https:\/\/femepa.org\/web\/wp-json\/wp\/v2\/media?parent=6719"}],"wp:term":[{"taxonomy":"category","embeddable":true,"href":"https:\/\/femepa.org\/web\/wp-json\/wp\/v2\/categories?post=6719"},{"taxonomy":"post_tag","embeddable":true,"href":"https:\/\/femepa.org\/web\/wp-json\/wp\/v2\/tags?post=6719"}],"curies":[{"name":"wp","href":"https:\/\/api.w.org\/{rel}","templated":true}]}}