{"id":6723,"date":"2018-06-22T13:07:07","date_gmt":"2018-06-22T13:07:07","guid":{"rendered":"http:\/\/femepa.org\/web\/?p=6723"},"modified":"2018-06-22T13:07:07","modified_gmt":"2018-06-22T13:07:07","slug":"ix-edicion-del-concurso-provincial-de-jovenes-electricistas-de-las-palmas","status":"publish","type":"post","link":"https:\/\/femepa.org\/web\/ix-edicion-del-concurso-provincial-de-jovenes-electricistas-de-las-palmas\/","title":{"rendered":"IX EDICION DEL CONCURSO PROVINCIAL DE JOVENES ELECTRICISTAS DE LAS PALMAS"},"content":{"rendered":"<p><span style=\"color: #000000;font-family: Calibri\">La <b>Asociaci\u00f3n Provincial de Industriales de Electricidad y Telecomunicaciones de Las Palmas (AIELPA) <\/b>celebr\u00f3 el pasado 14 de Junio la IX edici\u00f3n del Concurso de J\u00f3venes Electricistas de Las Palmas, <b>en colaboraci\u00f3n con el Cabildo de Gran Canaria, la Federaci\u00f3n Nacional de Empresarios de Instalaciones El\u00e9ctricas de Espa\u00f1a (FENIE) y la empresa \u201cInstaladora Quintana\u201d,<\/b> del Grupo COELCA qui\u00e9n entrego todo el material el\u00e9ctrico para que los alumnos pudieran realizar sus trabajos.<\/span><\/p>\n<p><span style=\"color: #000000;font-family: Calibri\">\u00a0<\/span><\/p>\n<p><span style=\"color: #000000;font-family: Calibri\">El concurso, que tuvo lugar en el recinto Ferial de INFECAR (Las Palmas de Gran Canaria) , cont\u00f3 con la participaci\u00f3n de alumnos de cinco Institutos de Educaci\u00f3n Secundaria de la rama El\u00e9ctrica de la provincia de Las Palmas, y que fueron los que a continuaci\u00f3n se detallan:<\/span><\/p>\n<p><span style=\"color: #000000;font-family: Calibri\">\u00a0<\/span><\/p>\n<p><span style=\"color: #000000;font-family: Calibri\">Nauzet Torres medina del I.E.S. San Crist\u00f3bal<\/span><\/p>\n<p><span style=\"color: #000000;font-family: Calibri\">Jack Verdera Conlin del I.E.S. Majada Marcial (Fuerteventura)<\/span><\/p>\n<p><span style=\"color: #000000;font-family: Calibri\">Christian R\u00edos Diaz del I.E.S. Arucas \u2013 Domingo Rivero<\/span><\/p>\n<p><span style=\"color: #000000;font-family: Calibri\">Ruben Martin Castro Medina del IES El Calero<\/span><\/p>\n<p><span style=\"color: #000000;font-family: Calibri\">Jaime Willian Tomlinson Mullings del IES. Felo Monson Grau-Bassas<\/span><\/p>\n<p><span style=\"color: #000000;font-family: Calibri\">\u00a0<\/span><\/p>\n<p><span style=\"color: #000000;font-family: Calibri\">\u00a0<\/span><\/p>\n<p><span style=\"color: #000000;font-family: Calibri\">El evento consisti\u00f3 en dos pruebas independientes; por un lado una prueba de tipo te\u00f3rico, con preguntas y cuestiones relacionadas con las actuales Normativas del sector de la electricidad y las telecomunicaciones y por otro lado un montaje practico (simulando la apertura y el cierre de una puerta el\u00e9ctrica de garaje) en el que se valoraron, tanto el buen funcionamiento como el montaje, ahorro de material, la est\u00e9tica, limpieza, etc\u2026, todo ello relacionado con el actual Reglamento Electrot\u00e9cnico de Baja Tensi\u00f3n y el nuevo Reglamento de Infraestructuras Comunes de Telecomunicaci\u00f3n. <\/span><\/p>\n<p><span style=\"color: #000000;font-family: Calibri\">\u00a0<\/span><\/p>\n<p><span style=\"color: #000000;font-family: Calibri\">Tras un largo d\u00eda de concurso, finalmente sobre las 20:00h. el tribunal formado por directivos de la asociaci\u00f3n, y tras una larga deliberaci\u00f3n acord\u00f3 por unanimidad que el vencedor de esta edici\u00f3n del concurso fuera Ruben Martin Castro Medina del IES El Calero. <\/span><\/p>\n<p><span style=\"color: #000000;font-family: Calibri\">\u00a0<\/span><\/p>\n<p><span style=\"color: #000000;font-family: Calibri\">As\u00ed pues ser\u00e1 esta persona la que acudir\u00e1 como representante de la provincia de Las Palmas al Concurso Nacional de J\u00f3venes Electricistas a celebrar el pr\u00f3ximo noviembre en Madrid, dentro del marco de la Feria de material el\u00e9ctrico y electr\u00f3nico MATELEC 2018.<\/span><\/p>\n<p><span style=\"color: #000000;font-family: Calibri\">\u00a0<\/span><\/p>\n<p><span style=\"color: #000000;font-family: Calibri\">Destacar la visita durante este evento del Concejal de Energ\u00eda del Cabildo de Gran Canaria Raul Garc\u00eda Brink y de Guillermo Mariscal, diputado por Las Palmas y portavoz de Energ\u00eda del Parlamento.<\/span><\/p>\n<p><span style=\"color: #000000;font-family: Calibri\">\u00a0<\/span><\/p>\n<p><span style=\"color: #000000;font-family: Calibri\">\u00a0<\/span><\/p>\n<p><span style=\"color: #000000;font-family: Calibri\">\u00a0<\/span><\/p>\n","protected":false},"excerpt":{"rendered":"<p>La Asociaci\u00f3n Provincial de Industriales de Electricidad y Telecomunicaciones de Las Palmas (AIELPA) celebr\u00f3 el pasado 14 de Junio la IX edici\u00f3n del Concurso de J\u00f3venes Electricistas de Las Palmas, en colaboraci\u00f3n con el Cabildo de Gran Canaria, la Federaci\u00f3n Nacional de Empresarios de Instalaciones El\u00e9ctricas de Espa\u00f1a (FENIE) y la empresa \u201cInstaladora Quintana\u201d, del [&hellip;]<\/p>\n","protected":false},"author":4,"featured_media":6724,"comment_status":"closed","ping_status":"closed","sticky":false,"template":"","format":"standard","meta":{"_acf_changed":false,"rs_blank_template":"","rs_page_bg_color":"","slide_template_v7":"","footnotes":""},"categories":[1],"tags":[],"class_list":["post-6723","post","type-post","status-publish","format-standard","has-post-thumbnail","hentry","category-sin-categoria"],"acf":[],"_links":{"self":[{"href":"https:\/\/femepa.org\/web\/wp-json\/wp\/v2\/posts\/6723","targetHints":{"allow":["GET"]}}],"collection":[{"href":"https:\/\/femepa.org\/web\/wp-json\/wp\/v2\/posts"}],"about":[{"href":"https:\/\/femepa.org\/web\/wp-json\/wp\/v2\/types\/post"}],"author":[{"embeddable":true,"href":"https:\/\/femepa.org\/web\/wp-json\/wp\/v2\/users\/4"}],"replies":[{"embeddable":true,"href":"https:\/\/femepa.org\/web\/wp-json\/wp\/v2\/comments?post=6723"}],"version-history":[{"count":0,"href":"https:\/\/femepa.org\/web\/wp-json\/wp\/v2\/posts\/6723\/revisions"}],"wp:featuredmedia":[{"embeddable":true,"href":"https:\/\/femepa.org\/web\/wp-json\/wp\/v2\/media\/6724"}],"wp:attachment":[{"href":"https:\/\/femepa.org\/web\/wp-json\/wp\/v2\/media?parent=6723"}],"wp:term":[{"taxonomy":"category","embeddable":true,"href":"https:\/\/femepa.org\/web\/wp-json\/wp\/v2\/categories?post=6723"},{"taxonomy":"post_tag","embeddable":true,"href":"https:\/\/femepa.org\/web\/wp-json\/wp\/v2\/tags?post=6723"}],"curies":[{"name":"wp","href":"https:\/\/api.w.org\/{rel}","templated":true}]}}