{"id":6782,"date":"2018-07-23T07:20:40","date_gmt":"2018-07-23T07:20:40","guid":{"rendered":"http:\/\/femepa.org\/web\/?p=6782"},"modified":"2018-07-23T07:20:40","modified_gmt":"2018-07-23T07:20:40","slug":"cafongas-las-palmas-se-reune-junto-con-conaif-con-el-alcalde-de-las-palmas-de-g-c","status":"publish","type":"post","link":"https:\/\/femepa.org\/web\/cafongas-las-palmas-se-reune-junto-con-conaif-con-el-alcalde-de-las-palmas-de-g-c\/","title":{"rendered":"CAFONGAS Las Palmas se re\u00fane junto con CONAIF con el Alcalde de Las Palmas de G.C."},"content":{"rendered":"<p>Con motivo de la celebraci\u00f3n del XXIX congreso nacional de Conaif (Confederaci\u00f3n nacional de Instaladores de Fontaner\u00eda, climatizaci\u00f3n, gas y afines) a celebrar el 18 y 19 de octubre del presente a\u00f1o, en la que CAFONGAS act\u00faa de Anfitriona, el pasado 12 de julio tuvo lugar en el ayuntamiento de las palmas de gran canaria un encuentro entre representantes de estas instituciones y el alcalde\u00a0 de la capital, Augusto Hidalgo.<\/p>\n<p>&nbsp;<\/p>\n<p>Durante este encuentro, adem\u00e1s de presentar en persona este importante evento que supone para los empresarios del sector de la fontaner\u00eda , el gas y la climatizaci\u00f3n se solicit\u00f3 la colaboraci\u00f3n de esta administraci\u00f3n y en especial la presencia del propio alcalde en los actos de apertura o cierre del Congreso.<\/p>\n<p>&nbsp;<\/p>\n<p>En todo momento el alcalde manifest\u00f3 su intenci\u00f3n de colaboraci\u00f3n y compromiso con este evento y su confirmaci\u00f3n de hacer la apertura o cierre del acto , si su agenda as\u00ed se lo permite, deseando suerte y felicitaciones adelantadas por la organizaci\u00f3n del evento<\/p>\n<p>&nbsp;<\/p>\n","protected":false},"excerpt":{"rendered":"<p>Con motivo de la celebraci\u00f3n del XXIX congreso nacional de Conaif (Confederaci\u00f3n nacional de Instaladores de Fontaner\u00eda, climatizaci\u00f3n, gas y afines) a celebrar el 18 y 19 de octubre del presente a\u00f1o, en la que CAFONGAS act\u00faa de Anfitriona, el pasado 12 de julio tuvo lugar en el ayuntamiento de las palmas de gran canaria [&hellip;]<\/p>\n","protected":false},"author":4,"featured_media":6783,"comment_status":"closed","ping_status":"closed","sticky":false,"template":"","format":"standard","meta":{"_acf_changed":false,"rs_blank_template":"","rs_page_bg_color":"","slide_template_v7":"","footnotes":""},"categories":[1],"tags":[],"class_list":["post-6782","post","type-post","status-publish","format-standard","has-post-thumbnail","hentry","category-sin-categoria"],"acf":[],"_links":{"self":[{"href":"https:\/\/femepa.org\/web\/wp-json\/wp\/v2\/posts\/6782","targetHints":{"allow":["GET"]}}],"collection":[{"href":"https:\/\/femepa.org\/web\/wp-json\/wp\/v2\/posts"}],"about":[{"href":"https:\/\/femepa.org\/web\/wp-json\/wp\/v2\/types\/post"}],"author":[{"embeddable":true,"href":"https:\/\/femepa.org\/web\/wp-json\/wp\/v2\/users\/4"}],"replies":[{"embeddable":true,"href":"https:\/\/femepa.org\/web\/wp-json\/wp\/v2\/comments?post=6782"}],"version-history":[{"count":0,"href":"https:\/\/femepa.org\/web\/wp-json\/wp\/v2\/posts\/6782\/revisions"}],"wp:featuredmedia":[{"embeddable":true,"href":"https:\/\/femepa.org\/web\/wp-json\/wp\/v2\/media\/6783"}],"wp:attachment":[{"href":"https:\/\/femepa.org\/web\/wp-json\/wp\/v2\/media?parent=6782"}],"wp:term":[{"taxonomy":"category","embeddable":true,"href":"https:\/\/femepa.org\/web\/wp-json\/wp\/v2\/categories?post=6782"},{"taxonomy":"post_tag","embeddable":true,"href":"https:\/\/femepa.org\/web\/wp-json\/wp\/v2\/tags?post=6782"}],"curies":[{"name":"wp","href":"https:\/\/api.w.org\/{rel}","templated":true}]}}