{"id":6810,"date":"2018-08-28T23:18:19","date_gmt":"2018-08-28T23:18:19","guid":{"rendered":"http:\/\/femepa.org\/web\/?p=6810"},"modified":"2018-08-28T23:18:19","modified_gmt":"2018-08-28T23:18:19","slug":"taller-de-consulta-del-plan-de-accion-de-energias-renovables-marinas-en-el-atlantico","status":"publish","type":"post","link":"https:\/\/femepa.org\/web\/taller-de-consulta-del-plan-de-accion-de-energias-renovables-marinas-en-el-atlantico\/","title":{"rendered":"Taller de consulta del Plan de acci\u00f3n de Energ\u00edas Renovables marinas en el Atl\u00e1ntico"},"content":{"rendered":"<p>El pr\u00f3ximo miercoles 12 de septiembre se celebrar\u00e1 el <strong>Taller de consulta en Espa\u00f1a para la definici\u00f3n del Plan de acci\u00f3n de Energ\u00edas Renovables marinas en el Atl\u00e1ntico,\u00a0<\/strong>evento organizado por la\u00a0<strong>Direcci\u00f3n general de asuntos mar\u00edtimos de la Comisi\u00f3n Europea<\/strong>\u00a0(DG MARE), en colaboraci\u00f3n con el Cluster Mar\u00edtimo de Canarias y la consultora Ernst&amp;Young.<\/p>\n<p>Este importante evento, para el que se ha seleccionado Las Palmas de Gran Canaria como\u00a0<u>\u00fanica localizaci\u00f3n espa\u00f1ola<\/u>, tendr\u00e1 lugar el\u00a0<strong>Mi\u00e9rcoles, 12 de septiembre de 2018, de 09:00 a 11:30<\/strong>, en el Recinto Ferial\u00a0<strong>INFECAR<\/strong>, ciudad de Las Palmas de Gran Canaria.<\/p>\n<p>El principal objetivo de estos talleres es\u00a0<strong>abordar los desaf\u00edos y oportunidades de las energ\u00edas marinas renovables (ERM) en la cuenca del Atl\u00e1ntico<\/strong>, y desarrollar acciones concretas que se incluir\u00e1n en la pr\u00f3xima versi\u00f3n del Plan de Acci\u00f3n del Atl\u00e1ntico. Los resultados esperados del taller son iniciativas y acciones conjuntas y colaborativas viables con una dimensi\u00f3n transnacional y transectorial que apoyan el intercambio de conocimientos y mejoran las capacidades de competitividad e innovaci\u00f3n.<\/p>\n<p>Los talleres, de car\u00e1cter cerrado, reunir\u00e1n a expertos seleccionados y reconocidos de los cinco Estados miembros de la UE que compartir\u00e1n su visi\u00f3n y experiencia en el desarrollo de proyectos de ERM en el Atl\u00e1ntico.<\/p>\n<p>No obstante, a pesar de que\u00a0<strong><u>dichos talleres ser\u00e1n sesiones cerradas<\/u><\/strong>, nos complace\u00a0<strong>invitarle a la sesi\u00f3n de apertura y a la presentaci\u00f3n que realizar\u00e1 la DG MARE<\/strong>\u00a0sobre la tem\u00e1tica planteada.<\/p>\n<p>Adjunto invitaci\u00f3n y borrador del programa.<\/p>\n<p><strong>Para asistir, debe registrar su solicitud en<\/strong>:\u00a0<a href=\"https:\/\/goo.gl\/forms\/BYZr0z3qYXuP7XZD2\">https:\/\/goo.gl\/forms\/BYZr0z3qYXuP7XZD2<\/a>. El aforo es muy limitado, por lo que, en caso de estar interesado en asistir, rogamos realice su solicitud a la mayor brevedad. Recibir\u00e1 un email confirmando su plaza, en los d\u00edas previos al evento.<\/p>\n<p>&nbsp;<\/p>\n","protected":false},"excerpt":{"rendered":"<p>El pr\u00f3ximo miercoles 12 de septiembre se celebrar\u00e1 el Taller de consulta en Espa\u00f1a para la definici\u00f3n del Plan de acci\u00f3n de Energ\u00edas Renovables marinas en el Atl\u00e1ntico,\u00a0evento organizado por la\u00a0Direcci\u00f3n general de asuntos mar\u00edtimos de la Comisi\u00f3n Europea\u00a0(DG MARE), en colaboraci\u00f3n con el Cluster Mar\u00edtimo de Canarias y la consultora Ernst&amp;Young. Este importante evento, [&hellip;]<\/p>\n","protected":false},"author":4,"featured_media":6629,"comment_status":"closed","ping_status":"closed","sticky":false,"template":"","format":"standard","meta":{"_acf_changed":false,"rs_blank_template":"","rs_page_bg_color":"","slide_template_v7":"","footnotes":""},"categories":[1],"tags":[485,486,487,488,77],"class_list":["post-6810","post","type-post","status-publish","format-standard","has-post-thumbnail","hentry","category-sin-categoria","tag-atlantico","tag-consulta","tag-energias-renovables","tag-pllan","tag-reunion"],"acf":[],"_links":{"self":[{"href":"https:\/\/femepa.org\/web\/wp-json\/wp\/v2\/posts\/6810","targetHints":{"allow":["GET"]}}],"collection":[{"href":"https:\/\/femepa.org\/web\/wp-json\/wp\/v2\/posts"}],"about":[{"href":"https:\/\/femepa.org\/web\/wp-json\/wp\/v2\/types\/post"}],"author":[{"embeddable":true,"href":"https:\/\/femepa.org\/web\/wp-json\/wp\/v2\/users\/4"}],"replies":[{"embeddable":true,"href":"https:\/\/femepa.org\/web\/wp-json\/wp\/v2\/comments?post=6810"}],"version-history":[{"count":0,"href":"https:\/\/femepa.org\/web\/wp-json\/wp\/v2\/posts\/6810\/revisions"}],"wp:featuredmedia":[{"embeddable":true,"href":"https:\/\/femepa.org\/web\/wp-json\/wp\/v2\/media\/6629"}],"wp:attachment":[{"href":"https:\/\/femepa.org\/web\/wp-json\/wp\/v2\/media?parent=6810"}],"wp:term":[{"taxonomy":"category","embeddable":true,"href":"https:\/\/femepa.org\/web\/wp-json\/wp\/v2\/categories?post=6810"},{"taxonomy":"post_tag","embeddable":true,"href":"https:\/\/femepa.org\/web\/wp-json\/wp\/v2\/tags?post=6810"}],"curies":[{"name":"wp","href":"https:\/\/api.w.org\/{rel}","templated":true}]}}