{"id":6823,"date":"2018-09-18T13:46:04","date_gmt":"2018-09-18T13:46:04","guid":{"rendered":"http:\/\/femepa.org\/web\/?p=6823"},"modified":"2018-09-18T13:46:04","modified_gmt":"2018-09-18T13:46:04","slug":"ii-jornada-shareen-impulsando-la-economia-colaborativa-en-europa-mapjam-canarias","status":"publish","type":"post","link":"https:\/\/femepa.org\/web\/ii-jornada-shareen-impulsando-la-economia-colaborativa-en-europa-mapjam-canarias\/","title":{"rendered":"II Jornada SharEEN: IMPULSANDO LA ECONOM\u00cdA COLABORATIVA EN EUROPA + MAPJAM CANARIAS:"},"content":{"rendered":"<p><span style=\"color: #000000;font-family: Calibri\">Desde el Instituto Tecnol\u00f3gico de Canarias (ITC) , invitan a participar en la jornada que se enmarca en el contexto del <b><i>Proyecto europeo SharEEN<\/i><\/b><i>: <b>Opportunities for European entrepreneurs in the sharing economy,<\/b><\/i><b> <\/b>y tiene como objetivo principal crear un espacio de encuentro entre las diferentes entidades de econom\u00eda colaborativa que existen en Canarias para conocer de primera mano la situaci\u00f3n, intercambiar experiencias e identificar necesidades que podamos cubrir.<\/span><\/p>\n<p><span style=\"color: #000000;font-family: Calibri\">En <b>Gran Canaria<\/b> se realizar\u00e1 el d\u00eda:<\/span><\/p>\n<p><span style=\"font-family: Calibri\"><span style=\"color: #000000\"><b>D\u00cdA:<\/b> 27 DE SEPTIEMBRE 2018<\/span><\/span><\/p>\n<p><span style=\"font-family: Calibri\"><span style=\"color: #000000\"><b>HORA:<\/b> 13:00 \u2013 17:00<\/span><\/span><\/p>\n<p><span style=\"font-family: Calibri\"><span style=\"color: #000000\"><b>LUGAR:<\/b> PALET EXPRESS CAJASIETE<\/span><\/span><\/p>\n<p><span style=\"font-family: Calibri\"><span style=\"color: #000000\"><b>DIRECCI\u00d3N:<\/b> AVENIDA ALCALDE JOS\u00c9 RAM\u00cdREZ BETHENCOURT, 17, <u>LAS PALMAS DE GRAN CANARIA<\/u><\/span><\/span><\/p>\n<p><span style=\"font-family: Calibri\"><span style=\"color: #000000\">Invitaci\u00f3n realizada desde el ITC es invitamos a participar previo registro gratuito<\/span> <\/span><span style=\"color: #000000;font-family: Calibri\">en:<\/span><\/p>\n<p><a href=\"https:\/\/docs.google.com\/forms\/d\/1juCkZ33SaUjF0DRssX6Fx9_prv4Vbe2Qqv0J7_maqXc\/edit\" target=\"_blank\" rel=\"noopener\">REGISTRO<\/a><\/p>\n<p><span style=\"font-family: Calibri\"><span style=\"color: #000000\">Para m\u00e1s informaci\u00f3n pueden visitar la p\u00e1gina web del Proyecto SharEEN en <\/span><a href=\"https:\/\/www.shareen.eu\/events\/43-jornada-shareen-impulsando-la-economia-colaborativa-taller-participativo\" target=\"_blank\" rel=\"noopener\">https:\/\/www.shareen.eu\/events\/43-jornada-shareen-impulsando-la-economia-colaborativa-taller-participativo<\/a><\/span><\/p>\n<p><span style=\"color: #000000;font-family: Calibri\">Si desea participar, p<\/span><span style=\"margin: 0px;color: #222222;font-family: 'Arial','sans-serif';font-size: 9.5pt\">ara m\u00e1s informaci\u00f3n puedes contactar con el T\u00e9cnico de Innovaci\u00f3n de Femepa 928296161\u00a0<\/span><a target=\"_blank\" rel=\"noopener\"><span style=\"margin: 0px;color: #1155cc;font-family: 'Arial','sans-serif';font-size: 9.5pt\">obdulia.martin@femepa.es<\/span><\/a><\/p>\n<p><b><span style=\"margin: 0px;font-family: 'Arial','sans-serif';font-size: 10pt\"><span style=\"color: #000000\">\u00a0<\/span><\/span><\/b><\/p>\n","protected":false},"excerpt":{"rendered":"<p>Desde el Instituto Tecnol\u00f3gico de Canarias (ITC) , invitan a participar en la jornada que se enmarca en el contexto del Proyecto europeo SharEEN: Opportunities for European entrepreneurs in the sharing economy, y tiene como objetivo principal crear un espacio de encuentro entre las diferentes entidades de econom\u00eda colaborativa que existen en Canarias para conocer [&hellip;]<\/p>\n","protected":false},"author":4,"featured_media":6824,"comment_status":"closed","ping_status":"closed","sticky":false,"template":"","format":"standard","meta":{"_acf_changed":false,"rs_blank_template":"","rs_page_bg_color":"","slide_template_v7":"","footnotes":""},"categories":[1],"tags":[494,495,171,496],"class_list":["post-6823","post","type-post","status-publish","format-standard","has-post-thumbnail","hentry","category-sin-categoria","tag-colaborativa","tag-econoomia","tag-impulso","tag-shareen"],"acf":[],"_links":{"self":[{"href":"https:\/\/femepa.org\/web\/wp-json\/wp\/v2\/posts\/6823","targetHints":{"allow":["GET"]}}],"collection":[{"href":"https:\/\/femepa.org\/web\/wp-json\/wp\/v2\/posts"}],"about":[{"href":"https:\/\/femepa.org\/web\/wp-json\/wp\/v2\/types\/post"}],"author":[{"embeddable":true,"href":"https:\/\/femepa.org\/web\/wp-json\/wp\/v2\/users\/4"}],"replies":[{"embeddable":true,"href":"https:\/\/femepa.org\/web\/wp-json\/wp\/v2\/comments?post=6823"}],"version-history":[{"count":0,"href":"https:\/\/femepa.org\/web\/wp-json\/wp\/v2\/posts\/6823\/revisions"}],"wp:featuredmedia":[{"embeddable":true,"href":"https:\/\/femepa.org\/web\/wp-json\/wp\/v2\/media\/6824"}],"wp:attachment":[{"href":"https:\/\/femepa.org\/web\/wp-json\/wp\/v2\/media?parent=6823"}],"wp:term":[{"taxonomy":"category","embeddable":true,"href":"https:\/\/femepa.org\/web\/wp-json\/wp\/v2\/categories?post=6823"},{"taxonomy":"post_tag","embeddable":true,"href":"https:\/\/femepa.org\/web\/wp-json\/wp\/v2\/tags?post=6823"}],"curies":[{"name":"wp","href":"https:\/\/api.w.org\/{rel}","templated":true}]}}