{"id":6837,"date":"2018-09-23T12:57:26","date_gmt":"2018-09-23T12:57:26","guid":{"rendered":"http:\/\/femepa.org\/web\/?p=6837"},"modified":"2018-09-23T12:57:26","modified_gmt":"2018-09-23T12:57:26","slug":"encuentro-de-directivos-y-equipo-tecnico-de-femepa-y-femete","status":"publish","type":"post","link":"https:\/\/femepa.org\/web\/encuentro-de-directivos-y-equipo-tecnico-de-femepa-y-femete\/","title":{"rendered":"Encuentro de equipos directivos y equipos t\u00e9cnicos de FEMEPA y FEMETE"},"content":{"rendered":"<p>Encuentro de directivos y equipo t\u00e9cnico entre Femete y Femepa en el centro de formaci\u00f3n de Femepa en Las Palmas. Se pondr\u00e1n en com\u00fan iniciativas y proyectos para generar sinergias en el sector del Metal en ambas provincias.<\/p>\n<div class=\"_2cuy _3dgx _2vxa\">Los equipos directivos de ambas patronales ser reunieron en el Centro de Formaci\u00f3n T\u00e9cnico Profesional del Metal de Las Palmas, para poner en com\u00fan proyectos e iniciativas con el fin de unificar esfuerzos que dinamicen e impulsen la vida asociativa del sector del Metal de Canarias.<\/div>\n<div class=\"_2cuy _3dgx _2vxa\">El equipo de Femepa recibi\u00f3 a la comitiva de Tenerife en el centro de formaci\u00f3n que Femepa tiene en la calle Sucre, en el pol\u00edgono industrial de El Sebadal. Durante el recorrido pudieron conocer los programas de Formaci\u00f3n en Alternancia con el Empleo (PFAEs) \u201csobre ruedas\u201d, \u201cConecta2\u201d y \u201cH2O\u201d, as\u00ed como un curso de mec\u00e1nica de motocicletas de un programa experimental, los cuales son subvencionados por el <a class=\"_2u0z\" href=\"https:\/\/www.facebook.com\/Servicio-Canario-de-Empleo-369659193109817\/\">Servicio Canario de Empleo<\/a> y el <a class=\"_2u0z\" href=\"https:\/\/www.facebook.com\/SEPE.EMPLEO\/\">Servicio P\u00fablico de Empleo Estatal SEPE<\/a>. Tambi\u00e9n pudieron visitar los talleres de Energ\u00edas Renovables, de Instalaciones de Baja Tensi\u00f3n, Fr\u00edo Industrial, Climatizaci\u00f3n, Fontaner\u00eda, Electromec\u00e1nica y campo de pr\u00e1cticas de plataformas y carretillas elevadoras. Con posterioridad, visitaron la otra sede en la que Femepa tiene equipada con treinta cabinas de soldadura, un taller de Carpinter\u00eda Met\u00e1lica y otro de Carrocer\u00eda del Autom\u00f3vil, mientras se impat\u00edan cursos de Soldadura El\u00e9ctrica con Electrodos Revestidos, T\u00e9cnico Especialista en Carrocer\u00eda y otro de Mantenimiento de Edificios. Una vez finalizado el recorrido por los centros de formaci\u00f3n, conocieron al personal del \u00c1rea de Formaci\u00f3n y Empleo y responsable de la Agencia de Colocaci\u00f3n.<\/div>\n<div class=\"_2cuy _3dgx _2vxa\">Tras un breve desayuno, el personal directivo de ambas organizaciones expusieron sus \u00faltimas iniciativas, realizando propuestas de colaboraci\u00f3n conjuntas en distintas l\u00edneas de trabajo vinculadas con todas las \u00e1reas de ambas Federaciones.<\/div>\n<div class=\"_2cuy _3dgx _2vxa\">Por parte de de <a class=\"_2u0z\" href=\"https:\/\/www.facebook.com\/federacionfemete\/\">Federaci\u00f3n Femete<\/a> asistieron Jos\u00e9 Gonz\u00e1lez, secretario general; Juan Carlos Ramos, jefe de Comunicaci\u00f3n; Natividad Quintana, secretaria de Direcci\u00f3n; Crist\u00f3bal Rodr\u00edguez, jefe de Inform\u00e1tica; Mar\u00eda Feo, jefa de Departamento de Proyectos;. Mar Solagaistua, t\u00e9cnico Departamento de Empleo; Luzma Paz, jefa del \u00c1rea Comercial; Mercedes Hern\u00e1ndez, jefa de Administraci\u00f3n y Contabilidad; Desir\u00e9e Brito, jefa de Proyectos. Por parte de Femepa participaron, Juan Carlos Betancor, secretario general; Kurt Engel, irector del \u00c1rea de Asociaciones y Secretar\u00edas T\u00e9cnicas; Jos\u00e9 Miguel Rodr\u00edguez, director del \u00c1rea de Relaciones Externas y Atenci\u00f3n al Asociado; V\u00edctor Rubio, director del \u00c1rea de Formaci\u00f3n y Empleo; Eva Garc\u00eda, directora del \u00c1rea Econ\u00f3mica Financiera y Asuntos Generales; I\u00f1igo Irigoyen, Departamento de Marketing; Ra\u00fal Iglesias, secretario general de ATARE, Irina Le\u00f3n, responsable del Departamento de Innovaci\u00f3n.<\/div>\n<div class=\"_2cuy _3dgx _2vxa\">Tras finalizar continuaron con un almuerzo de trabajo en el que en un ambiente m\u00e1s distendido se pudo profundizar contenidos entre hom\u00f3logos de cada Federaci\u00f3n. Ambos secretarios generales coincidieron en lo fruct\u00edfero del encuentro, comprometi\u00e9ndose a celebrarlo de forma trimestral de forma alterna entre Tenerife y Gran Canaria, pudi\u00e9ndose celebrar comisiones t\u00e9cnicas espec\u00edficas seg\u00fan las necesidades en cualquier momento.<\/div>\n","protected":false},"excerpt":{"rendered":"<p>Encuentro de directivos y equipo t\u00e9cnico entre Femete y Femepa en el centro de formaci\u00f3n de Femepa en Las Palmas. Se pondr\u00e1n en com\u00fan iniciativas y proyectos para generar sinergias en el sector del Metal en ambas provincias. Los equipos directivos de ambas patronales ser reunieron en el Centro de Formaci\u00f3n T\u00e9cnico Profesional del Metal [&hellip;]<\/p>\n","protected":false},"author":4,"featured_media":6838,"comment_status":"closed","ping_status":"closed","sticky":false,"template":"","format":"standard","meta":{"_acf_changed":false,"rs_blank_template":"","rs_page_bg_color":"","slide_template_v7":"","footnotes":""},"categories":[1],"tags":[506,64,507,508],"class_list":["post-6837","post","type-post","status-publish","format-standard","has-post-thumbnail","hentry","category-sin-categoria","tag-encuentro","tag-femepa","tag-fmete","tag-trabajo"],"acf":[],"_links":{"self":[{"href":"https:\/\/femepa.org\/web\/wp-json\/wp\/v2\/posts\/6837","targetHints":{"allow":["GET"]}}],"collection":[{"href":"https:\/\/femepa.org\/web\/wp-json\/wp\/v2\/posts"}],"about":[{"href":"https:\/\/femepa.org\/web\/wp-json\/wp\/v2\/types\/post"}],"author":[{"embeddable":true,"href":"https:\/\/femepa.org\/web\/wp-json\/wp\/v2\/users\/4"}],"replies":[{"embeddable":true,"href":"https:\/\/femepa.org\/web\/wp-json\/wp\/v2\/comments?post=6837"}],"version-history":[{"count":0,"href":"https:\/\/femepa.org\/web\/wp-json\/wp\/v2\/posts\/6837\/revisions"}],"wp:featuredmedia":[{"embeddable":true,"href":"https:\/\/femepa.org\/web\/wp-json\/wp\/v2\/media\/6838"}],"wp:attachment":[{"href":"https:\/\/femepa.org\/web\/wp-json\/wp\/v2\/media?parent=6837"}],"wp:term":[{"taxonomy":"category","embeddable":true,"href":"https:\/\/femepa.org\/web\/wp-json\/wp\/v2\/categories?post=6837"},{"taxonomy":"post_tag","embeddable":true,"href":"https:\/\/femepa.org\/web\/wp-json\/wp\/v2\/tags?post=6837"}],"curies":[{"name":"wp","href":"https:\/\/api.w.org\/{rel}","templated":true}]}}