{"id":6840,"date":"2018-09-23T13:01:58","date_gmt":"2018-09-23T13:01:58","guid":{"rendered":"http:\/\/femepa.org\/web\/?p=6840"},"modified":"2018-09-23T13:01:58","modified_gmt":"2018-09-23T13:01:58","slug":"ciudad-de-mar-se-suma-a-la-mision-comercial-de-femepa-a-la-feria-grand-pavois-en-la-rochelle","status":"publish","type":"post","link":"https:\/\/femepa.org\/web\/ciudad-de-mar-se-suma-a-la-mision-comercial-de-femepa-a-la-feria-grand-pavois-en-la-rochelle\/","title":{"rendered":"Ciudad de Mar se suma a la misi\u00f3n comercial de Femepa a la feria Grand Pavois en La Rochelle"},"content":{"rendered":"<p>La visita, que se enmarca en el Proyecto INTERREG V-A MAC 2014 INTERPORT, liderado por la Fundaci\u00f3n Puertos de Las Palmas, pretende reforzar las relaciones empresariales entre los dos destinos n\u00e1uticos<\/p>\n<p>El Ayuntamiento mantendr\u00e1 encuentros con la organizaci\u00f3n de la prestigiosa regata en solitario Minitransat que celebrar\u00e1 en 2019 su segunda escala en la capital grancanaria<\/p>\n<p>Las Palmas de Gran Canaria, viernes 21 de septiembre de 2018.-<\/p>\n<p>&nbsp;<\/p>\n<p>El sector de la n\u00e1utica de recreo de Las Palmas de Gran Canaria acudir\u00e1 la pr\u00f3xima semana a una de las principales ferias europeas del sector, la Grand Pavois que se celebrar\u00e1, del 26 de septiembre al 1 de octubre, en la localidad francesa de La Rochelle, en la fachada atl\u00e1ntica del pa\u00eds galo. El Ayuntamiento de Las Palmas de Gran Canaria, a trav\u00e9s a la Concejal\u00eda de Ciudad de Mar, acompa\u00f1ar\u00e1 a la misi\u00f3n comercial a la que se ha sumado la Federaci\u00f3n de Vela Latina Canaria.<\/p>\n<p>La visita, organizada por la Federaci\u00f3n del Metal y Nuevas Tecnolog\u00edas de Las Palmas, FEMEPA, se enmarca en el proyecto europeo INTERREG V-A MAC 2014 INTERPORT, cuyo beneficiario principal es Fundaci\u00f3n Puertos de Las Palmas.<\/p>\n<p>Ciudad de Mar mantendr\u00e1 encuentros para avanzar en los acuerdos institucionales previos con La Rochelle y para comenzar el trabajo de organizaci\u00f3n de la prestigiosa regata en solitario Minitransat que en 2019 volver\u00e1 a la capital grancanaria tras su hist\u00f3rica escala del a\u00f1o pasado.<\/p>\n<p>La delegaci\u00f3n grancanaria estar\u00e1 integrada por Femepa, el Cl\u00faster Marino Mar\u00edtimo de Canarias, la Federaci\u00f3n de Vela Latina Canaria, Rolnautic, Rodritol, Alisios Sailing y N\u00e1utica Motor.<\/p>\n<p>El concejal de Ciudad de Mar, Jos\u00e9 Eduardo Ram\u00edrez, ha explicado que \u201cla presencia del Ayuntamiento\u00a0es una oportunidad para seguir trabajando con uno de los principales destinos n\u00e1uticos europeos\u00a0para trazar l\u00edneas de colaboraci\u00f3n que nos permita a ambas ciudades aprender, intercambiar experiencias\u00a0y poner en marcha acciones de inter\u00e9s mutuo\u201d. La representaci\u00f3n municipal ser\u00e1 de car\u00e1cter t\u00e9cnico.<\/p>\n<p>La Feria Grand Pavois espera superar la cifra de 80.000 visitantes que tuvo en la edici\u00f3n de 2017. Con unos 750.000 m2 de exposici\u00f3n y 700 expositores de m\u00e1s de 30 pa\u00edses se presenta como un escenario id\u00f3neo para iniciar alianzas y contactos institucionales, comerciales y empresariales, el objetivo de este viaje que realizar\u00e1 la delegaci\u00f3n de la capital.<\/p>\n<p>Las relaciones entre Las Palmas de Gran Canaria y la Rochelle, destino n\u00e1utico de recreo con unos 5.000 atraques, se ha reforzado en los \u00faltimos a\u00f1os con la celebraci\u00f3n de la regata Minitransat, la visita del Hermione, la r\u00e9plica del hist\u00f3rico velero del general Lafayette y los acuerdos en materia de intercambio educativo entre las dos ciudades. Ciudad de Mar mantiene adem\u00e1s una relaci\u00f3n estrecha con las instituciones p\u00fablicas de La Rochelle en el marco de la Comisi\u00f3n de Ciudades Atl\u00e1nticas Europeas.<\/p>\n<p>El Proyecto INTERREG V-A MAC 2014 INTERPORT es un Proyecto financiado por FEDER en el marco del Programa INTERREG V-A MAC 2014-2020 y que nace con vocaci\u00f3n de dar impulso a la internacionalizaci\u00f3n, la exportaci\u00f3n y la competitividad de PYMES portuarias, a trav\u00e9s de la innovaci\u00f3n, la tecnolog\u00eda y la cooperaci\u00f3n empresarial.<\/p>\n<p>Los socios del Proyecto son la Fundaci\u00f3n de Puertos de Las Palmas, la Federaci\u00f3n Provincial de la Peque\u00f1a y Mediana Empresa del Metal y Nuevas Tecnolog\u00edas de Las Palmas, FEMEPA, Asociaci\u00f3n Cluster Mar\u00edtimo de Canarias, la C\u00e2mara de Com\u00e9rcio e Industria da Madeira, la Asociaci\u00f3n de Empresas Tecnol\u00f3gicas Innovalia, Port Autonome de Nouadhibou, Port Autonome de Nouackchott, C\u00e1mara de Comercio de Barlovento del Norte de Cabo Verde.<\/p>\n<p>Esta misi\u00f3n comercial a La Rochelle se enmarca en el programa Plan Internacional de Promoci\u00f3n (PIP) de la C\u00e1mara de Comercio, en el marco del programa operativo \u00abPlurirregional de Espa\u00f1a FEDER 2014-2020 PO\u00bb, cofinanciado en un 85% por el Fondo Europeo de Desarrollo Regional (FEDER). El programa persigue servir de apoyo a la internacionalizaci\u00f3n, mejorar las exportaciones, diversificar los mercados de destino e incrementar la competitividad de la econom\u00eda local como destino de inversi\u00f3n<\/p>\n<p>Las actuaciones del Plan Internacional de Promoci\u00f3n van dirigidas a Pymes potencialmente exportadoras y\/o exportadoras, o que deseen consolidar sus departamentos de comercio exterior, abrir mercados en el exterior o utilizar cualquiera de los instrumentos contemplados en el detalle de gastos elegibles como herramienta para aumentar o consolidar sus ventas en el mercado en cuesti\u00f3n.<\/p>\n","protected":false},"excerpt":{"rendered":"<p>La visita, que se enmarca en el Proyecto INTERREG V-A MAC 2014 INTERPORT, liderado por la Fundaci\u00f3n Puertos de Las Palmas, pretende reforzar las relaciones empresariales entre los dos destinos n\u00e1uticos El Ayuntamiento mantendr\u00e1 encuentros con la organizaci\u00f3n de la prestigiosa regata en solitario Minitransat que celebrar\u00e1 en 2019 su segunda escala en la capital [&hellip;]<\/p>\n","protected":false},"author":4,"featured_media":6841,"comment_status":"closed","ping_status":"closed","sticky":false,"template":"","format":"standard","meta":{"_acf_changed":false,"rs_blank_template":"","rs_page_bg_color":"","slide_template_v7":"","footnotes":""},"categories":[1],"tags":[72,509,510,511,512,513],"class_list":["post-6840","post","type-post","status-publish","format-standard","has-post-thumbnail","hentry","category-sin-categoria","tag-ayuntamiento","tag-ciudad-de-mar","tag-femepa-cluster","tag-la-rochelle","tag-lpgc","tag-mision"],"acf":[],"_links":{"self":[{"href":"https:\/\/femepa.org\/web\/wp-json\/wp\/v2\/posts\/6840","targetHints":{"allow":["GET"]}}],"collection":[{"href":"https:\/\/femepa.org\/web\/wp-json\/wp\/v2\/posts"}],"about":[{"href":"https:\/\/femepa.org\/web\/wp-json\/wp\/v2\/types\/post"}],"author":[{"embeddable":true,"href":"https:\/\/femepa.org\/web\/wp-json\/wp\/v2\/users\/4"}],"replies":[{"embeddable":true,"href":"https:\/\/femepa.org\/web\/wp-json\/wp\/v2\/comments?post=6840"}],"version-history":[{"count":0,"href":"https:\/\/femepa.org\/web\/wp-json\/wp\/v2\/posts\/6840\/revisions"}],"wp:featuredmedia":[{"embeddable":true,"href":"https:\/\/femepa.org\/web\/wp-json\/wp\/v2\/media\/6841"}],"wp:attachment":[{"href":"https:\/\/femepa.org\/web\/wp-json\/wp\/v2\/media?parent=6840"}],"wp:term":[{"taxonomy":"category","embeddable":true,"href":"https:\/\/femepa.org\/web\/wp-json\/wp\/v2\/categories?post=6840"},{"taxonomy":"post_tag","embeddable":true,"href":"https:\/\/femepa.org\/web\/wp-json\/wp\/v2\/tags?post=6840"}],"curies":[{"name":"wp","href":"https:\/\/api.w.org\/{rel}","templated":true}]}}