{"id":6913,"date":"2018-10-30T09:15:40","date_gmt":"2018-10-30T09:15:40","guid":{"rendered":"http:\/\/femepa.org\/web\/?p=6913"},"modified":"2018-10-30T09:15:40","modified_gmt":"2018-10-30T09:15:40","slug":"esta-tarde-somos-profesionales-a-las-18h-en-infecar","status":"publish","type":"post","link":"https:\/\/femepa.org\/web\/esta-tarde-somos-profesionales-a-las-18h-en-infecar\/","title":{"rendered":"Esta tarde, SOMOS PROFESIONALES, a las 18h en INFECAR"},"content":{"rendered":"<p>Esta tarde tiene lugar la edici\u00f3n de Gran Canaria del SOMOS PROFESIONALES 2018, en congreso Interinsular que re\u00fane a los profesionales del sector del metal de la Provincia de Las Palmas, y que ya tuvo sus dos primeras jornadas la pasada primavera en Fuerteventura y Lanzarote. La jornada, que tendr\u00e1 lugar en INFECAR, dar\u00e1 comienzo a las 18h, y durante su celebraci\u00f3n se tiene previsto la entrega de los distintivos YO SOY LEGAL, que certifican a las empresas de FEMEPA, que forman parte de esta plataforma regional B2C, de la que se hablar\u00e1 en detalle<\/p>\n<p><span style=\"color: #000000;font-family: Times New Roman\">En el congreso, tras las ultimas novedades del Convenio del Metal, se tratar\u00e1n tem\u00e1ticas de urgente implantaci\u00f3n, y en \u00e9l se dar\u00e1n las claves para conocer el futuro de las relaciones entre empresas y la gesti\u00f3n de toda la documentaci\u00f3n relativa a\u00a0 estas relaciones. Es de vital importancia conocer la herramienta METALDOC, una herramienta gratuita que va a suponer un cambio radical en la operativa de la coordinaci\u00f3n de actividades empresariales y relaciones B2B, adem\u00e1s de suponer un ahorro y sustancial en tiempo a la hora de presentar toda la documentaci\u00f3n.<\/span><\/p>\n<p><span style=\"color: #000000;font-family: Times New Roman\">Y de acuerdo con el cumplimiento de la normativa relativa a la formaci\u00f3n de trabajadores, TPM es otra plataforma digital indispensable que ,adem\u00e1s resulta de especial inter\u00e9s para aquellas empresas que tengan y agotar los cr\u00e9ditos de formaci\u00f3n tripartita<\/span><\/p>\n<p><span style=\"color: #000000;font-family: Times New Roman\">En estas charlas, se tratar\u00e1n estas novedades, derivadas del Convenio del Metal, y como afecta ello a las gesti\u00f3n documental en materia de prevenci\u00f3n de Riesgos Laborales en centros de trabajo, empresas y aut\u00f3nomos y la formaci\u00f3n.\u00a0<\/span><\/p>\n<p><span style=\"color: #000000;font-family: Times New Roman\">Como en los a\u00f1os anteriores, este congreso se \u00a0celebra en las tres islas y las dos primeras jornadas tuvieron lugar en la primavera de este a\u00f1o en Fuerteventura y Lanzarote.\u00a0<\/span><\/p>\n<p><span style=\"color: #000000;font-family: Times New Roman\">\u00a0<\/span><\/p>\n<p><span style=\"color: #000000;font-family: Times New Roman\">El programa ser\u00e1 el siguiente:<\/span><\/p>\n<p><span style=\"color: #000000;font-family: Times New Roman\">\u00a0<\/span><\/p>\n<p><span style=\"color: #000000;font-family: Times New Roman\">18:00h: Presentaci\u00f3n<\/span><\/p>\n<p><span style=\"color: #000000;font-family: Times New Roman\">18:15h: Una nueva forma de relaci\u00f3n entre empresas B2B: METALDOC<\/span><\/p>\n<p><span style=\"color: #000000;font-family: Times New Roman\">19:00h: Un nuevo impulso al B2C en Canarias: YO SOY LEGAL<\/span><\/p>\n<p><span style=\"color: #000000;font-family: Times New Roman\">19:30h: La gesti\u00f3n de la formaci\u00f3n de los trabajadores: TPM<\/span><\/p>\n<p><span style=\"color: #000000;font-family: Times New Roman\">20:30h: C\u00f3ctel y clausura.<\/span><\/p>\n<p><span style=\"color: #000000;font-family: Times New Roman\">\u00a0Para inscribirse y confirmar la asistencia al congreso, pueden rellenar este formulario de inscripci\u00f3n haciendo clic <a href=\"https:\/\/goo.gl\/forms\/CQswtFRSqTcDj2Ds2.\">aqu\u00ed<\/a>:\u00a0<\/span><\/p>\n<p>&nbsp;<\/p>\n<p><span style=\"color: #000000;font-family: Times New Roman\">En caso de dudas, pueden ponerse en contacto con\u00a0<a>maria.artiles@femepa.es<\/a>, o llamando a FEMEPA al 928 29 61 61.<\/span><\/p>\n","protected":false},"excerpt":{"rendered":"<p>Esta tarde tiene lugar la edici\u00f3n de Gran Canaria del SOMOS PROFESIONALES 2018, en congreso Interinsular que re\u00fane a los profesionales del sector del metal de la Provincia de Las Palmas, y que ya tuvo sus dos primeras jornadas la pasada primavera en Fuerteventura y Lanzarote. La jornada, que tendr\u00e1 lugar en INFECAR, dar\u00e1 comienzo [&hellip;]<\/p>\n","protected":false},"author":4,"featured_media":6914,"comment_status":"closed","ping_status":"closed","sticky":false,"template":"","format":"standard","meta":{"_acf_changed":false,"rs_blank_template":"","rs_page_bg_color":"","slide_template_v7":"","footnotes":""},"categories":[1],"tags":[392],"class_list":["post-6913","post","type-post","status-publish","format-standard","has-post-thumbnail","hentry","category-sin-categoria","tag-somos-profesionales-congreso"],"acf":[],"_links":{"self":[{"href":"https:\/\/femepa.org\/web\/wp-json\/wp\/v2\/posts\/6913","targetHints":{"allow":["GET"]}}],"collection":[{"href":"https:\/\/femepa.org\/web\/wp-json\/wp\/v2\/posts"}],"about":[{"href":"https:\/\/femepa.org\/web\/wp-json\/wp\/v2\/types\/post"}],"author":[{"embeddable":true,"href":"https:\/\/femepa.org\/web\/wp-json\/wp\/v2\/users\/4"}],"replies":[{"embeddable":true,"href":"https:\/\/femepa.org\/web\/wp-json\/wp\/v2\/comments?post=6913"}],"version-history":[{"count":0,"href":"https:\/\/femepa.org\/web\/wp-json\/wp\/v2\/posts\/6913\/revisions"}],"wp:featuredmedia":[{"embeddable":true,"href":"https:\/\/femepa.org\/web\/wp-json\/wp\/v2\/media\/6914"}],"wp:attachment":[{"href":"https:\/\/femepa.org\/web\/wp-json\/wp\/v2\/media?parent=6913"}],"wp:term":[{"taxonomy":"category","embeddable":true,"href":"https:\/\/femepa.org\/web\/wp-json\/wp\/v2\/categories?post=6913"},{"taxonomy":"post_tag","embeddable":true,"href":"https:\/\/femepa.org\/web\/wp-json\/wp\/v2\/tags?post=6913"}],"curies":[{"name":"wp","href":"https:\/\/api.w.org\/{rel}","templated":true}]}}