{"id":7087,"date":"2018-12-03T23:58:36","date_gmt":"2018-12-03T23:58:36","guid":{"rendered":"http:\/\/femepa.org\/web\/?p=7087"},"modified":"2018-12-03T23:58:36","modified_gmt":"2018-12-03T23:58:36","slug":"la-fundacion-sergio-alonso-firma-un-convenio-marco-con-educacion","status":"publish","type":"post","link":"https:\/\/femepa.org\/web\/la-fundacion-sergio-alonso-firma-un-convenio-marco-con-educacion\/","title":{"rendered":"La Fundaci\u00f3n Sergio Alonso firma un Convenio Marco con Educaci\u00f3n"},"content":{"rendered":"<p>Ayer lunes 3 de diciembre en la inauguraci\u00f3n de la firma del Convenio Marco de la FP asisti\u00f3 Manuel Jorge P\u00e9rez, director general de Formaci\u00f3n Profesional, C\u00e9line Rohner Zaugg, presidenta Fundacion Sergio Alonso, Inma Carretero, gerente Fundaci\u00f3n Sergio Alonso y Eva Aguado Carri\u00f3n, coordinadora Territorial Sur Fundaci\u00f3n Bankia. La presidenta de la Fundaci\u00f3n, expres\u00f3 que era el deseo de su exmarido, contribuir con la formaci\u00f3n en materia de electromec\u00e1nica. Este es el motivo por el cual se pretende ceder conocimiento y pr\u00e1cticas en empresas, tanto a docentes como alumnos de los ciclos formativos vinculado a la especialidad de electromec\u00e1nica de la familia de Transporte de Veh\u00edculos. Eva Aguado, mostr\u00f3\u00a0 su total apoyo a cualquier iniciativa en materia de dualidad en la formaci\u00f3n, terminando hablando Manuel Jorge P\u00e9rez, sobre la esperanza depositada en el nuevo modelo de la FP Dual. Posteriormente se lanzaron varias preguntas al p\u00fablico, en la que destac\u00f3 el director de Formaci\u00f3n y Empleo de Femepa haciendo alusi\u00f3n a la representatividad del sector de la reparaci\u00f3n del autom\u00f3vil por parte de Femepa y que actualmente hab\u00edan 800 pymes de reparaci\u00f3n del autom\u00f3vil en la provincia de Las Palmas, siendo 400 la empresas asociadas.<\/p>\n<p>Seguidamente se incorporan a la mesa Javier Nuez S\u00e1nchez, director del IES Ana Luisa Ben\u00edtez y Miguel \u00c1ngel Castillo, director de RRHH de Domingo Alonso Group. Antes de asistir a una mesa redonda compuesta por todos los asistentes, hubo un coffee break para hacer un poco de networking.<\/p>\n<p>Esta inciativa pretende darle cobertura formativa a los institutos de Formaci\u00f3n Profesional de la rama de Automoci\u00f3n en un principio, pero tambi\u00e9n tiene el inter\u00e9s de seguir invirtiendo en otros sectores productivos. En la mesa redonda se pudo palpar un aire colaborador para darle forma a esta fant\u00e1sica iniciativa integradora en la que todos los actores reafirmaron el compromiso de impulsar esta formaci\u00f3n especializada, cada uno desde sus \u00e1mbito.<\/p>\n","protected":false},"excerpt":{"rendered":"<p>Ayer lunes 3 de diciembre en la inauguraci\u00f3n de la firma del Convenio Marco de la FP asisti\u00f3 Manuel Jorge P\u00e9rez, director general de Formaci\u00f3n Profesional, C\u00e9line Rohner Zaugg, presidenta Fundacion Sergio Alonso, Inma Carretero, gerente Fundaci\u00f3n Sergio Alonso y Eva Aguado Carri\u00f3n, coordinadora Territorial Sur Fundaci\u00f3n Bankia. La presidenta de la Fundaci\u00f3n, expres\u00f3 que [&hellip;]<\/p>\n","protected":false},"author":4,"featured_media":7088,"comment_status":"closed","ping_status":"closed","sticky":false,"template":"","format":"standard","meta":{"_acf_changed":false,"rs_blank_template":"","rs_page_bg_color":"","slide_template_v7":"","footnotes":""},"categories":[1],"tags":[619,620,621,622,623,624,625,626,627,628,629,630,631],"class_list":["post-7087","post","type-post","status-publish","format-standard","has-post-thumbnail","hentry","category-sin-categoria","tag-aprendiz","tag-consejeria-de-educacion","tag-direccion-general-de-la-fp","tag-dualidad-en-el-empleo","tag-dualizate","tag-electromecanica","tag-formacion-dual","tag-formacion-profesional","tag-fundacion-sergio-alonso","tag-fundaciones","tag-mecanica","tag-nueva-formacion","tag-nuevo-empleo"],"acf":[],"_links":{"self":[{"href":"https:\/\/femepa.org\/web\/wp-json\/wp\/v2\/posts\/7087","targetHints":{"allow":["GET"]}}],"collection":[{"href":"https:\/\/femepa.org\/web\/wp-json\/wp\/v2\/posts"}],"about":[{"href":"https:\/\/femepa.org\/web\/wp-json\/wp\/v2\/types\/post"}],"author":[{"embeddable":true,"href":"https:\/\/femepa.org\/web\/wp-json\/wp\/v2\/users\/4"}],"replies":[{"embeddable":true,"href":"https:\/\/femepa.org\/web\/wp-json\/wp\/v2\/comments?post=7087"}],"version-history":[{"count":0,"href":"https:\/\/femepa.org\/web\/wp-json\/wp\/v2\/posts\/7087\/revisions"}],"wp:featuredmedia":[{"embeddable":true,"href":"https:\/\/femepa.org\/web\/wp-json\/wp\/v2\/media\/7088"}],"wp:attachment":[{"href":"https:\/\/femepa.org\/web\/wp-json\/wp\/v2\/media?parent=7087"}],"wp:term":[{"taxonomy":"category","embeddable":true,"href":"https:\/\/femepa.org\/web\/wp-json\/wp\/v2\/categories?post=7087"},{"taxonomy":"post_tag","embeddable":true,"href":"https:\/\/femepa.org\/web\/wp-json\/wp\/v2\/tags?post=7087"}],"curies":[{"name":"wp","href":"https:\/\/api.w.org\/{rel}","templated":true}]}}