{"id":7126,"date":"2018-12-06T07:36:36","date_gmt":"2018-12-06T07:36:36","guid":{"rendered":"http:\/\/femepa.org\/web\/?p=7126"},"modified":"2018-12-06T07:36:36","modified_gmt":"2018-12-06T07:36:36","slug":"curso-de-instalador-de-energia-solar-fotovoltaica-para-desempleados-as-con-bajo-nivel-formativo","status":"publish","type":"post","link":"https:\/\/femepa.org\/web\/curso-de-instalador-de-energia-solar-fotovoltaica-para-desempleados-as-con-bajo-nivel-formativo\/","title":{"rendered":"Curso de Instalador\/a de Energ\u00eda Solar Fotovoltaica para desempleados\/as con bajo nivel formativo"},"content":{"rendered":"<p>El Cabildo de Gran Canaria, a trav\u00e9s de un proyecto de asignaci\u00f3n directa gestionado por Femepa, dirigido a desempleados\/as con escaso nivel formativo (inferior a la ESO) propone un conjunto de acciones formativas con gran demanda laboral en el sector del Metal de Las Palmas de Gran Canaria. En concreto, tras los cambios normativos en el sector de las Energ\u00edas Renovables en materia de autoconsumo, abre una nueva oportunidad en nuestro mercado para los instaladores de Energ\u00eda Solar Fotovoltaica el cual se impatir\u00e1 en Gran Canaria la pr\u00f3xima semana. La duraci\u00f3n de la acci\u00f3n formativa ser\u00e1 de 420 horas y comenzar\u00e1 el pr\u00f3ximo mi\u00e9rcoles 12 de diciembre de 2018 en horario de 17:00 a 22:00 en el Centro T\u00e9cnico Profesional del Metal de Las Palmas Sede II, calle Sucre 8Bis, en la Urbanizaci\u00f3n El Sebadal de nuestra capital.<\/p>\n<p>Este curso est\u00e1 dise\u00f1ado para que sin ning\u00fan conocimiento previo, el alumnado participante pueda realizar la instalaci\u00f3n de paneles solares fotovoltaicos en edificios, instalaciones comerciales, naves industriales y huertos solares. Este curso est\u00e1 subvencionado por el Cabildo de Gran Canaria, contempla ayuda al transporte gracias a los fondos para el desarrollo de Canarias FDCAN.<\/p>\n<p>Inscripci\u00f3n en:\u00a0<\/p>\n<p>&nbsp;<\/p>\n","protected":false},"excerpt":{"rendered":"<p>El Cabildo de Gran Canaria, a trav\u00e9s de un proyecto de asignaci\u00f3n directa gestionado por Femepa, dirigido a desempleados\/as con escaso nivel formativo (inferior a la ESO) propone un conjunto de acciones formativas con gran demanda laboral en el sector del Metal de Las Palmas de Gran Canaria. En concreto, tras los cambios normativos en [&hellip;]<\/p>\n","protected":false},"author":4,"featured_media":7127,"comment_status":"closed","ping_status":"closed","sticky":false,"template":"","format":"standard","meta":{"_acf_changed":false,"rs_blank_template":"","rs_page_bg_color":"","slide_template_v7":"","footnotes":""},"categories":[1],"tags":[636,637,638,639,572,180,640,641,642,143,643,644],"class_list":["post-7126","post","type-post","status-publish","format-standard","has-post-thumbnail","hentry","category-sin-categoria","tag-cabildo-de-gran-canaria","tag-curso-fotovoltaica","tag-curso-gratuito","tag-curso-subvencionado","tag-eerr","tag-empleo","tag-energia-solar","tag-energia-solar-fotovoltaica","tag-fdcan","tag-formacion","tag-instalacion-placas-solares","tag-placas-solares"],"acf":[],"_links":{"self":[{"href":"https:\/\/femepa.org\/web\/wp-json\/wp\/v2\/posts\/7126","targetHints":{"allow":["GET"]}}],"collection":[{"href":"https:\/\/femepa.org\/web\/wp-json\/wp\/v2\/posts"}],"about":[{"href":"https:\/\/femepa.org\/web\/wp-json\/wp\/v2\/types\/post"}],"author":[{"embeddable":true,"href":"https:\/\/femepa.org\/web\/wp-json\/wp\/v2\/users\/4"}],"replies":[{"embeddable":true,"href":"https:\/\/femepa.org\/web\/wp-json\/wp\/v2\/comments?post=7126"}],"version-history":[{"count":0,"href":"https:\/\/femepa.org\/web\/wp-json\/wp\/v2\/posts\/7126\/revisions"}],"wp:featuredmedia":[{"embeddable":true,"href":"https:\/\/femepa.org\/web\/wp-json\/wp\/v2\/media\/7127"}],"wp:attachment":[{"href":"https:\/\/femepa.org\/web\/wp-json\/wp\/v2\/media?parent=7126"}],"wp:term":[{"taxonomy":"category","embeddable":true,"href":"https:\/\/femepa.org\/web\/wp-json\/wp\/v2\/categories?post=7126"},{"taxonomy":"post_tag","embeddable":true,"href":"https:\/\/femepa.org\/web\/wp-json\/wp\/v2\/tags?post=7126"}],"curies":[{"name":"wp","href":"https:\/\/api.w.org\/{rel}","templated":true}]}}