{"id":7461,"date":"2018-12-09T00:29:01","date_gmt":"2018-12-09T00:29:01","guid":{"rendered":"http:\/\/femepa.org\/web\/?p=7461"},"modified":"2018-12-09T00:29:01","modified_gmt":"2018-12-09T00:29:01","slug":"segundo-encuentro-directivo-entre-femepa-y-femete","status":"publish","type":"post","link":"https:\/\/femepa.org\/web\/segundo-encuentro-directivo-entre-femepa-y-femete\/","title":{"rendered":"Segundo encuentro directivo entre Femepa y Femete"},"content":{"rendered":"<p>El pasado martes 4 de diciembre, los equipos directivos de ambas Federaciones de la Pyme del Metal de Las Palmas y Tenerife se reunieron en la sede de Femete para poner en com\u00fan los proyectos que cada una est\u00e1 llevando a cabo.\u00a0 Se trat\u00f3 la evoluci\u00f3n del proyecto conjunto de econom\u00eda sumergida YoSoyLegal, as\u00ed como la plataforma para la gesti\u00f3n documental de actividades preventivas Metaldoc. Tambi\u00e9n se habl\u00f3 de la nueva inclusi\u00f3n en los diferentes convenios colectivos del sector, sobre la cl\u00e1usula compensatoria de formaci\u00f3n y las mejoras en materia de igualdad, as\u00ed como la evoluci\u00f3n positiva de la formaci\u00f3n en prevenci\u00f3n de riesgos laborales sobre la Tarjeta Profesional del Metal, TPM Formaci\u00f3n, que obliga la formaci\u00f3n a directivos, administrativos y t\u00e9cnicos en PRL en tres a\u00f1os y que aplica a 32 profesiones del Metal. Por \u00faltimo se present\u00f3 el borrador de la propuesta del pr\u00f3ximo congreso del Metal CREMETAL, el cual se celebrar\u00e1 en Las Palmas de Gran Canaria sobre el mes de mayo de 2019.<\/p>\n<p>Compartir el conocimiento y generar sinergias como herramienta de mejora entre ambas Federaciones multiplican siempre las expectativas.<\/p>\n","protected":false},"excerpt":{"rendered":"<p>El pasado martes 4 de diciembre, los equipos directivos de ambas Federaciones de la Pyme del Metal de Las Palmas y Tenerife se reunieron en la sede de Femete para poner en com\u00fan los proyectos que cada una est\u00e1 llevando a cabo.\u00a0 Se trat\u00f3 la evoluci\u00f3n del proyecto conjunto de econom\u00eda sumergida YoSoyLegal, as\u00ed como [&hellip;]<\/p>\n","protected":false},"author":4,"featured_media":7462,"comment_status":"closed","ping_status":"closed","sticky":false,"template":"","format":"standard","meta":{"_acf_changed":false,"rs_blank_template":"","rs_page_bg_color":"","slide_template_v7":"","footnotes":""},"categories":[1],"tags":[656,64,320,209,415,657,658,659],"class_list":["post-7461","post","type-post","status-publish","format-standard","has-post-thumbnail","hentry","category-sin-categoria","tag-cremetal2019","tag-femepa","tag-femete","tag-igualdad","tag-metaldoc","tag-plus-compensatorio","tag-tpm-formacion","tag-yosoylegal"],"acf":[],"_links":{"self":[{"href":"https:\/\/femepa.org\/web\/wp-json\/wp\/v2\/posts\/7461","targetHints":{"allow":["GET"]}}],"collection":[{"href":"https:\/\/femepa.org\/web\/wp-json\/wp\/v2\/posts"}],"about":[{"href":"https:\/\/femepa.org\/web\/wp-json\/wp\/v2\/types\/post"}],"author":[{"embeddable":true,"href":"https:\/\/femepa.org\/web\/wp-json\/wp\/v2\/users\/4"}],"replies":[{"embeddable":true,"href":"https:\/\/femepa.org\/web\/wp-json\/wp\/v2\/comments?post=7461"}],"version-history":[{"count":0,"href":"https:\/\/femepa.org\/web\/wp-json\/wp\/v2\/posts\/7461\/revisions"}],"wp:featuredmedia":[{"embeddable":true,"href":"https:\/\/femepa.org\/web\/wp-json\/wp\/v2\/media\/7462"}],"wp:attachment":[{"href":"https:\/\/femepa.org\/web\/wp-json\/wp\/v2\/media?parent=7461"}],"wp:term":[{"taxonomy":"category","embeddable":true,"href":"https:\/\/femepa.org\/web\/wp-json\/wp\/v2\/categories?post=7461"},{"taxonomy":"post_tag","embeddable":true,"href":"https:\/\/femepa.org\/web\/wp-json\/wp\/v2\/tags?post=7461"}],"curies":[{"name":"wp","href":"https:\/\/api.w.org\/{rel}","templated":true}]}}