{"id":7477,"date":"2018-12-20T00:05:30","date_gmt":"2018-12-20T00:05:30","guid":{"rendered":"http:\/\/femepa.org\/web\/?p=7477"},"modified":"2018-12-20T00:05:30","modified_gmt":"2018-12-20T00:05:30","slug":"femepa-recibe-un-reconocimiento-por-ser-impulsora-de-la-responsabilidad-social-empresarial","status":"publish","type":"post","link":"https:\/\/femepa.org\/web\/femepa-recibe-un-reconocimiento-por-ser-impulsora-de-la-responsabilidad-social-empresarial\/","title":{"rendered":"Femepa recibe un reconocimiento por ser impulsora de la Responsabilidad Social Empresarial"},"content":{"rendered":"<p>El pasado 14 de diciembre, el presidente de Femepa, Vicente Marrero, recogi\u00f3 un galard\u00f3n por ser impulsora de la Responsabilidad Social Empresarial en la Federaci\u00f3n de Empresarios del Metal de Las Palmas. Ya son 140 empresas las que se suman a esta iniciativa. La consejera de Empleo, Pol\u00edticas Sociales y Vivienda, Cristina Valido dijo que\u00a0\u201cLas empresas que se han sumado p\u00fablicamente a la Red Canaria de Responsabilidad Social ponen de manifiesto su compromiso p\u00fablico no solo hacia la generaci\u00f3n de empleo e incremento del tejido empresarial en las Islas, sino su compromiso hacia el pr\u00e1cticas dirigidas a garantizar el fomento empresarial desde una perspectiva de igualdad de oportunidades y de apoyo al desarrollo sostenible del medio ambiente\u201d.<\/p>\n<p>A lo largo del a\u00f1o, el Gobierno de Canarias ha realizado siete actos p\u00fablicos de firma para la adhesi\u00f3n de entidades a la red con el objetivo de crear un contexto propicio para que las peque\u00f1as, medianas y grandes empresas radicadas en las Islas puedan acreditar su vocaci\u00f3n social. Candil record\u00f3 que \u201cmuchas empresas tienen incorporada la RSE en su ADN\u201d y aprovech\u00f3 para animar al resto de empresas con vocaci\u00f3n social a sumarse a esta red.<\/p>\n<p class=\"font_9\">La directora general de Promoci\u00f3n Econ\u00f3mica, Cristina Hern\u00e1ndez, explic\u00f3 los datos recogidos de un estudio-diagnosis desarrollado por la Direcci\u00f3n General de Promoci\u00f3n Econ\u00f3mica, en el que han participado 35 empresas adheridas a la Red, que ha permitido obtener una primera imagen de la RSE en Canarias, as\u00ed como detectar las principales tendencias, riesgos y oportunidades en esta materia.<\/p>\n<p class=\"font_9\">Seg\u00fan el estudio, el 74% de las entidades que conforman la red desarrollan la RSE entendida como el apoyo a las acciones y los proyectos pertenecientes a otras entidades de car\u00e1cter social o sin \u00e1nimo de lucro, y son la promoci\u00f3n de la igualdad de oportunidades entre el hombre y la mujer, los servicios sociales y sociosanitarios y la protecci\u00f3n del medioambiente y la defensa del medio rural los \u00e1mbitos m\u00e1s habituales a los que van dirigidas las acciones de RSE.<\/p>\n<p>En este sentido, Femepa lleva m\u00e1s de 15 a\u00f1os trabajando en acciones de RSC siempre comprometida por las necesidades de los sectores m\u00e1s vulnerables siendo apoyada por todos los sectores productivos que integran la Federaci\u00f3n.<\/p>\n<p>V\u00eda Gobcan<\/p>\n","protected":false},"excerpt":{"rendered":"<p>El pasado 14 de diciembre, el presidente de Femepa, Vicente Marrero, recogi\u00f3 un galard\u00f3n por ser impulsora de la Responsabilidad Social Empresarial en la Federaci\u00f3n de Empresarios del Metal de Las Palmas. Ya son 140 empresas las que se suman a esta iniciativa. La consejera de Empleo, Pol\u00edticas Sociales y Vivienda, Cristina Valido dijo que\u00a0\u201cLas [&hellip;]<\/p>\n","protected":false},"author":4,"featured_media":7478,"comment_status":"closed","ping_status":"closed","sticky":false,"template":"","format":"standard","meta":{"_acf_changed":false,"rs_blank_template":"","rs_page_bg_color":"","slide_template_v7":"","footnotes":""},"categories":[1],"tags":[660,661,579,662,580,663],"class_list":["post-7477","post","type-post","status-publish","format-standard","has-post-thumbnail","hentry","category-sin-categoria","tag-pacto-mundial","tag-red-canaria-de-responsabilidad-social-empresarial","tag-responsabilidad-social-corporativa","tag-responsabilidad-social-empresarial","tag-rsc","tag-rse"],"acf":[],"_links":{"self":[{"href":"https:\/\/femepa.org\/web\/wp-json\/wp\/v2\/posts\/7477","targetHints":{"allow":["GET"]}}],"collection":[{"href":"https:\/\/femepa.org\/web\/wp-json\/wp\/v2\/posts"}],"about":[{"href":"https:\/\/femepa.org\/web\/wp-json\/wp\/v2\/types\/post"}],"author":[{"embeddable":true,"href":"https:\/\/femepa.org\/web\/wp-json\/wp\/v2\/users\/4"}],"replies":[{"embeddable":true,"href":"https:\/\/femepa.org\/web\/wp-json\/wp\/v2\/comments?post=7477"}],"version-history":[{"count":0,"href":"https:\/\/femepa.org\/web\/wp-json\/wp\/v2\/posts\/7477\/revisions"}],"wp:featuredmedia":[{"embeddable":true,"href":"https:\/\/femepa.org\/web\/wp-json\/wp\/v2\/media\/7478"}],"wp:attachment":[{"href":"https:\/\/femepa.org\/web\/wp-json\/wp\/v2\/media?parent=7477"}],"wp:term":[{"taxonomy":"category","embeddable":true,"href":"https:\/\/femepa.org\/web\/wp-json\/wp\/v2\/categories?post=7477"},{"taxonomy":"post_tag","embeddable":true,"href":"https:\/\/femepa.org\/web\/wp-json\/wp\/v2\/tags?post=7477"}],"curies":[{"name":"wp","href":"https:\/\/api.w.org\/{rel}","templated":true}]}}