{"id":7570,"date":"2019-01-10T11:33:56","date_gmt":"2019-01-10T11:33:56","guid":{"rendered":"http:\/\/femepa.org\/web\/?p=7570"},"modified":"2019-01-10T11:33:56","modified_gmt":"2019-01-10T11:33:56","slug":"presentacion-revista-ingenieria-del-mantenimiento-en-canarias","status":"publish","type":"post","link":"https:\/\/femepa.org\/web\/presentacion-revista-ingenieria-del-mantenimiento-en-canarias\/","title":{"rendered":"Presentaci\u00f3n Revista Ingenier\u00eda del Mantenimiento en Canarias"},"content":{"rendered":"<div class=\"\" data-block=\"true\" data-editor=\"ctll3\" data-offset-key=\"918ja-0-0\">\n<div class=\"_1mf _1mj\" data-offset-key=\"918ja-0-0\"><span data-offset-key=\"918ja-0-0\">El lunes d\u00eda <strong>14 de enero de 2019, a las 19:00 horas<\/strong> en el Colegio Oficial de Ingenieros T\u00e9cnicos de Las Palmas &#8211; COITI, sito en la calle Juan XXIII, N\u00ba 20, de Las Palmas de Gran Canaria.presentaci\u00f3n de la edici\u00f3n N\u00ba 11 de la REVISTA INGENIER\u00cdA DEL MANTENIMIENTO EN CANARIAS y al anuncio de la celebraci\u00f3n del II CONGRESO INTERNACIONAL DE INGENIER\u00cdA DEL MANTENIMIENTO EN CANARIAS (CIIMC-2019).<\/span><\/div>\n<\/div>\n<div class=\"\" data-block=\"true\" data-editor=\"ctll3\" data-offset-key=\"fq9cr-0-0\">\n<div class=\"_1mf _1mj\" data-offset-key=\"fq9cr-0-0\"><span data-offset-key=\"fq9cr-0-0\">\u00a0<\/span><\/div>\n<\/div>\n<div class=\"\" data-block=\"true\" data-editor=\"ctll3\" data-offset-key=\"3io9m-0-0\">\n<div class=\"_1mf _1mj\" data-offset-key=\"3io9m-0-0\"><span data-offset-key=\"3io9m-0-0\">A lo largo de las distintas ediciones de esta Revista, hemos contado con autores de art\u00edculos cient\u00edficos, t\u00e9cnicos y rese\u00f1as de 3 continentes y 13 pa\u00edses, tales como Espa\u00f1a, Alemania, Inglaterra, Holanda, Estados Unidos de Am\u00e9rica, M\u00e9xico, Argentina, Uruguay, Puerto Rico, Bolivia, Colombia, Cuba y Cabo Verde.<\/span><\/div>\n<\/div>\n<div class=\"\" data-block=\"true\" data-editor=\"ctll3\" data-offset-key=\"3vs71-0-0\">\n<div class=\"_1mf _1mj\" data-offset-key=\"3vs71-0-0\"><span data-offset-key=\"3vs71-0-0\">\u00a0<\/span><\/div>\n<\/div>\n<div class=\"\" data-block=\"true\" data-editor=\"ctll3\" data-offset-key=\"749r3-0-0\">\n<div class=\"_1mf _1mj\" data-offset-key=\"749r3-0-0\"><span data-offset-key=\"749r3-0-0\">Durante esta presentaci\u00f3n se llevar\u00e1n a cabo los siguientes actos:<\/span><\/div>\n<\/div>\n<div class=\"\" data-block=\"true\" data-editor=\"ctll3\" data-offset-key=\"pv9o-0-0\">\n<div class=\"_1mf _1mj\" data-offset-key=\"pv9o-0-0\"><span data-offset-key=\"pv9o-0-0\">\u00a0<\/span><\/div>\n<\/div>\n<div class=\"\" data-block=\"true\" data-editor=\"ctll3\" data-offset-key=\"bhumj-0-0\">\n<div class=\"_1mf _1mj\" data-offset-key=\"bhumj-0-0\"><span data-offset-key=\"bhumj-0-0\">\u2022 Bienvenida y entrega de los ejemplares de la edici\u00f3n N\u00ba 11 de la Revista.<\/span><\/div>\n<\/div>\n<div class=\"\" data-block=\"true\" data-editor=\"ctll3\" data-offset-key=\"9sm5i-0-0\">\n<div class=\"_1mf _1mj\" data-offset-key=\"9sm5i-0-0\"><span data-offset-key=\"9sm5i-0-0\">\u2022 Intervenci\u00f3n de D. Luis Garc\u00eda Mart\u00edn, Editor y Director de la Revista INGENIER\u00cdA DEL MANTENIMIENTO EN CANARIAS.<\/span><\/div>\n<\/div>\n<div class=\"\" data-block=\"true\" data-editor=\"ctll3\" data-offset-key=\"bu01p-0-0\">\n<div class=\"_1mf _1mj\" data-offset-key=\"bu01p-0-0\"><span data-offset-key=\"bu01p-0-0\">\u2022 Intervenci\u00f3n de D. Fernando Ojeda P\u00e9rez, en representaci\u00f3n de los autores. Es tambi\u00e9n el Presidente del Comit\u00e9 Organizador de Canagua&amp;Energ\u00eda.<\/span><\/div>\n<\/div>\n<div class=\"\" data-block=\"true\" data-editor=\"ctll3\" data-offset-key=\"396vm-0-0\">\n<div class=\"_1mf _1mj\" data-offset-key=\"396vm-0-0\"><span data-offset-key=\"396vm-0-0\">\u2022 Intervenci\u00f3n del Embajador de Cuba en Espa\u00f1a, en relaci\u00f3n con el art\u00edculo &#8220;La Habana- Los Desaf\u00edos de su Transformaci\u00f3n en las \u00daltimas D\u00e9cadas&#8221;.<\/span><\/div>\n<\/div>\n<div class=\"\" data-block=\"true\" data-editor=\"ctll3\" data-offset-key=\"9mtv4-0-0\">\n<div class=\"_1mf _1mj\" data-offset-key=\"9mtv4-0-0\"><span data-offset-key=\"9mtv4-0-0\">\u2022 Intervenci\u00f3n de D. Antonio Morales M\u00e9ndez, Presidente del Cabildo Insular de Gran Canaria, en relaci\u00f3n a su art\u00edculo &#8220;El Mantenimiento en el Modelo de Desarrollo de Ecoisla&#8221;.<\/span><\/div>\n<\/div>\n<div class=\"\" data-block=\"true\" data-editor=\"ctll3\" data-offset-key=\"b2n8c-0-0\">\n<div class=\"_1mf _1mj\" data-offset-key=\"b2n8c-0-0\"><span data-offset-key=\"b2n8c-0-0\">\u2022 Proyecci\u00f3n de resumen en v\u00eddeo de la I Edici\u00f3n del Congreso Internacional de Ingenier\u00eda del Mantenimiento en Canarias. Anuncio de las fechas de la II Edici\u00f3n del Congreso, integrado en el marco de la 42\u00aa Feria Internacional del Atl\u00e1ntico.<\/span><\/div>\n<\/div>\n<div class=\"\" data-block=\"true\" data-editor=\"ctll3\" data-offset-key=\"4cmti-0-0\">\n<div class=\"_1mf _1mj\" data-offset-key=\"4cmti-0-0\"><span data-offset-key=\"4cmti-0-0\">\u2022 Entrega de distinciones a personas e instituciones relevantes relacionadas con la Revista.<\/span><\/div>\n<\/div>\n<div class=\"\" data-block=\"true\" data-editor=\"ctll3\" data-offset-key=\"85o78-0-0\">\n<div class=\"_1mf _1mj\" data-offset-key=\"85o78-0-0\"><span data-offset-key=\"85o78-0-0\">Ser\u00e1 un placer disfrutar de su compa\u00f1\u00eda y tener la oportunidad de compartirla junto con los autores de los diferentes art\u00edculos, durante el c\u00f3ctel que celebraremos al finalizar el evento.<\/span><\/div>\n<\/div>\n<div class=\"\" data-block=\"true\" data-editor=\"ctll3\" data-offset-key=\"9pf8k-0-0\">\n<div class=\"_1mf _1mj\" data-offset-key=\"9pf8k-0-0\"><span data-offset-key=\"9pf8k-0-0\">\u00a0<\/span><\/div>\n<\/div>\n<div class=\"\" data-block=\"true\" data-editor=\"ctll3\" data-offset-key=\"vl64-0-0\">\n<div class=\"_1mf _1mj\" data-offset-key=\"vl64-0-0\"><span data-offset-key=\"vl64-0-0\">La versi\u00f3n digital de la Revista estar\u00e1 disponible a partir del lunes 14 en la web de TBN\u00a0<a href=\"http:\/\/www.tbn.es\">http:\/\/www.tbn.es<\/a><\/span><\/div>\n<\/div>\n<div class=\"\" data-block=\"true\" data-editor=\"ctll3\" data-offset-key=\"e6j-0-0\">\n<div class=\"_1mf _1mj\" data-offset-key=\"e6j-0-0\"><span data-offset-key=\"e6j-0-0\">\u00a0<\/span><\/div>\n<\/div>\n<div class=\"\" data-block=\"true\" data-editor=\"ctll3\" data-offset-key=\"fe0l0-0-0\">\n<div class=\"_1mf _1mj\" data-offset-key=\"fe0l0-0-0\"><span class=\"_3gl1 _5zz4\" data-offset-key=\"fe0l0-0-0\"><span class=\"_ncl\">\u270d\ufe0f<\/span><\/span><span data-offset-key=\"fe0l0-1-0\">Inscripci\u00f3n:\u00a0<a href=\"https:\/\/goo.gl\/forms\/gQ1XC9f7AATJkEoJ2\">https:\/\/goo.gl\/forms\/gQ1XC9f7AATJkEoJ2<\/a><\/span><\/div>\n<\/div>\n<div class=\"\" data-block=\"true\" data-editor=\"ctll3\" data-offset-key=\"1u090-0-0\">\n<div class=\"_1mf _1mj\" data-offset-key=\"1u090-0-0\"><span data-offset-key=\"1u090-0-0\">\u00a0<\/span><\/div>\n<\/div>\n<div class=\"\" data-block=\"true\" data-editor=\"ctll3\" data-offset-key=\"1n5da-0-0\">\n<div class=\"_1mf _1mj\" data-offset-key=\"1n5da-0-0\"><span data-offset-key=\"1n5da-0-0\">\u00a0<\/span><\/div>\n<\/div>\n<div class=\"\" data-block=\"true\" data-editor=\"ctll3\" data-offset-key=\"cofo3-0-0\"><\/div>\n<div class=\"\" data-block=\"true\" data-editor=\"ctll3\" data-offset-key=\"8fd68-0-0\">\n<div class=\"_1mf _1mj\" data-offset-key=\"8fd68-0-0\"><\/div>\n<\/div>\n","protected":false},"excerpt":{"rendered":"<p>El lunes d\u00eda 14 de enero de 2019, a las 19:00 horas en el Colegio Oficial de Ingenieros T\u00e9cnicos de Las Palmas &#8211; COITI, sito en la calle Juan XXIII, N\u00ba 20, de Las Palmas de Gran Canaria.presentaci\u00f3n de la edici\u00f3n N\u00ba 11 de la REVISTA INGENIER\u00cdA DEL MANTENIMIENTO EN CANARIAS y al anuncio de [&hellip;]<\/p>\n","protected":false},"author":4,"featured_media":7571,"comment_status":"closed","ping_status":"closed","sticky":false,"template":"","format":"standard","meta":{"_acf_changed":false,"rs_blank_template":"","rs_page_bg_color":"","slide_template_v7":"","footnotes":""},"categories":[1],"tags":[668,669,537],"class_list":["post-7570","post","type-post","status-publish","format-standard","has-post-thumbnail","hentry","category-sin-categoria","tag-ingenieria-del-mantenimiento","tag-mantenimieto","tag-tbn"],"acf":[],"_links":{"self":[{"href":"https:\/\/femepa.org\/web\/wp-json\/wp\/v2\/posts\/7570","targetHints":{"allow":["GET"]}}],"collection":[{"href":"https:\/\/femepa.org\/web\/wp-json\/wp\/v2\/posts"}],"about":[{"href":"https:\/\/femepa.org\/web\/wp-json\/wp\/v2\/types\/post"}],"author":[{"embeddable":true,"href":"https:\/\/femepa.org\/web\/wp-json\/wp\/v2\/users\/4"}],"replies":[{"embeddable":true,"href":"https:\/\/femepa.org\/web\/wp-json\/wp\/v2\/comments?post=7570"}],"version-history":[{"count":0,"href":"https:\/\/femepa.org\/web\/wp-json\/wp\/v2\/posts\/7570\/revisions"}],"wp:featuredmedia":[{"embeddable":true,"href":"https:\/\/femepa.org\/web\/wp-json\/wp\/v2\/media\/7571"}],"wp:attachment":[{"href":"https:\/\/femepa.org\/web\/wp-json\/wp\/v2\/media?parent=7570"}],"wp:term":[{"taxonomy":"category","embeddable":true,"href":"https:\/\/femepa.org\/web\/wp-json\/wp\/v2\/categories?post=7570"},{"taxonomy":"post_tag","embeddable":true,"href":"https:\/\/femepa.org\/web\/wp-json\/wp\/v2\/tags?post=7570"}],"curies":[{"name":"wp","href":"https:\/\/api.w.org\/{rel}","templated":true}]}}