{"id":7604,"date":"2019-01-16T23:22:08","date_gmt":"2019-01-16T23:22:08","guid":{"rendered":"http:\/\/femepa.org\/web\/?p=7604"},"modified":"2019-01-16T23:22:08","modified_gmt":"2019-01-16T23:22:08","slug":"femepa-orientara-a-personas-desempleadas-en-8-municipios-grancanarios","status":"publish","type":"post","link":"https:\/\/femepa.org\/web\/femepa-orientara-a-personas-desempleadas-en-8-municipios-grancanarios\/","title":{"rendered":"Femepa orientar\u00e1 a personas desempleadas en 8 municipios grancanarios"},"content":{"rendered":"<p>El Excmo. Cabildo Insular de Gran Canaria ha asignado a Femepa, en el seno de la convocatoria para el fomento de la formaci\u00f3n para adultos con escaso nivel de estudios del eje 3, de la l\u00ednea estrat\u00e9gica 3 \u201cApoyo a la empleabilidad\u201d del Fondo de Desarrollo de Canarias (FDCAN) un proyecto de Orientaci\u00f3n Profesional para el Empleo.<\/p>\n<p>Esta convocatoria tiene por objeto la concesi\u00f3n de subvenciones para financiar acciones que fomenten la formaci\u00f3n y orientaci\u00f3n para la inserci\u00f3n laboral, dirigida a personas desempleadas residentes en Gran Canaria, con escaso nivel formativo y dificultades de inserci\u00f3n laboral.<\/p>\n<p>Este proyecto de orientaci\u00f3n laboral, al que se le ha denominado Imp\u00falsa-T, se desarrollar\u00e1 entre el 04 de enero y el 30 de junio de 2019, en 5 \u00e1mbitos de actuaci\u00f3n, ubicados en 8 sedes distintas: Las Palmas G.C., Maspalomas, G\u00e1ldar, Valleseco, Ingenio y adem\u00e1s con 3 Itinerancias: Sta. Br\u00edgida, Valsequillo y Gu\u00eda.<\/p>\n<p>Como objetivo Femepa se ha propuesto atender a 1.500 demandantes de empleo a lo largo de 6 meses, para lo cual se ha contratado a un equipo de 14 orientadores y 7 administrativos.<\/p>\n<p>Cada persona destinataria recibir\u00e1 un m\u00ednimo de 14 horas de orientaci\u00f3n, de las cuales 6 horas ser\u00e1n de atenci\u00f3n individual y los 8 restantes de acciones grupales y contar\u00e1 con becas de asistencia efectiva y transporte.<\/p>\n<p>Las personas que se encuentren en situaci\u00f3n de desempleo y que deseen recibir sesiones de orientaci\u00f3n profesional para el empleo, puede hacerlo a trav\u00e9s de la web de Femepa en el apartado de Orientaci\u00f3n Profesional, o pinchando en el siguiente link\u00a0\u00a0o bien llamando al 928.296.161.<\/p>\n","protected":false},"excerpt":{"rendered":"<p>El Excmo. Cabildo Insular de Gran Canaria ha asignado a Femepa, en el seno de la convocatoria para el fomento de la formaci\u00f3n para adultos con escaso nivel de estudios del eje 3, de la l\u00ednea estrat\u00e9gica 3 \u201cApoyo a la empleabilidad\u201d del Fondo de Desarrollo de Canarias (FDCAN) un proyecto de Orientaci\u00f3n Profesional para [&hellip;]<\/p>\n","protected":false},"author":4,"featured_media":7605,"comment_status":"closed","ping_status":"closed","sticky":false,"template":"","format":"standard","meta":{"_acf_changed":false,"rs_blank_template":"","rs_page_bg_color":"","slide_template_v7":"","footnotes":""},"categories":[1],"tags":[636,697,698,180,143,699,371,666,667,700],"class_list":["post-7604","post","type-post","status-publish","format-standard","has-post-thumbnail","hentry","category-sin-categoria","tag-cabildo-de-gran-canaria","tag-desempleados","tag-desempleo","tag-empleo","tag-formacion","tag-impulsa-t","tag-opea","tag-orientacion","tag-orientacion-profesional","tag-orientacion-profesional-para-el-empleo"],"acf":[],"_links":{"self":[{"href":"https:\/\/femepa.org\/web\/wp-json\/wp\/v2\/posts\/7604","targetHints":{"allow":["GET"]}}],"collection":[{"href":"https:\/\/femepa.org\/web\/wp-json\/wp\/v2\/posts"}],"about":[{"href":"https:\/\/femepa.org\/web\/wp-json\/wp\/v2\/types\/post"}],"author":[{"embeddable":true,"href":"https:\/\/femepa.org\/web\/wp-json\/wp\/v2\/users\/4"}],"replies":[{"embeddable":true,"href":"https:\/\/femepa.org\/web\/wp-json\/wp\/v2\/comments?post=7604"}],"version-history":[{"count":0,"href":"https:\/\/femepa.org\/web\/wp-json\/wp\/v2\/posts\/7604\/revisions"}],"wp:featuredmedia":[{"embeddable":true,"href":"https:\/\/femepa.org\/web\/wp-json\/wp\/v2\/media\/7605"}],"wp:attachment":[{"href":"https:\/\/femepa.org\/web\/wp-json\/wp\/v2\/media?parent=7604"}],"wp:term":[{"taxonomy":"category","embeddable":true,"href":"https:\/\/femepa.org\/web\/wp-json\/wp\/v2\/categories?post=7604"},{"taxonomy":"post_tag","embeddable":true,"href":"https:\/\/femepa.org\/web\/wp-json\/wp\/v2\/tags?post=7604"}],"curies":[{"name":"wp","href":"https:\/\/api.w.org\/{rel}","templated":true}]}}