{"id":7614,"date":"2019-01-26T22:19:06","date_gmt":"2019-01-26T22:19:06","guid":{"rendered":"http:\/\/femepa.org\/web\/?p=7614"},"modified":"2019-01-26T22:19:06","modified_gmt":"2019-01-26T22:19:06","slug":"jornada-de-autoconsumo-en-canarias","status":"publish","type":"post","link":"https:\/\/femepa.org\/web\/jornada-de-autoconsumo-en-canarias\/","title":{"rendered":"Jornada de Autoconsumo en Canarias"},"content":{"rendered":"<p><strong>APPA Renovables<\/strong> organiza el pr\u00f3ximo <strong>6 de febrero de 2019 en Ag\u00fcimes, Gran Canaria<\/strong>, con la colaboraci\u00f3n de <strong>ASERPA\/FEMEPA<\/strong> y el <strong>Cabildo de Gran Canaria<\/strong>, una jornada eminentemente <strong>pr\u00e1ctica <\/strong>que permitir\u00e1 <strong>despejar dudas<\/strong> sobre los<strong> beneficios del Autoconsumo<\/strong>.<\/p>\n<p>Estamos inmersos en una <strong>Transici\u00f3n Energ\u00e9tica<\/strong> sin precedentes. Con unos <strong>objetivos europeos <\/strong>del <strong>32% de renovables para 2030<\/strong>, la Uni\u00f3n Europea y Espa\u00f1a deben realizar un importante esfuerzo para integrar energ\u00edas renovables. Gracias al desarrollo tecnol\u00f3gico, energ\u00edas como la e\u00f3lica o la solar fotovoltaica son hoy competitivas en coste. Tanto, que su uso puede suponer <strong>importantes ahorros a empresas y ciudadanos<\/strong>.<\/p>\n<p>Inscripci\u00f3n:\u00a0<\/p>\n<p>&nbsp;<\/p>\n","protected":false},"excerpt":{"rendered":"<p>APPA Renovables organiza el pr\u00f3ximo 6 de febrero de 2019 en Ag\u00fcimes, Gran Canaria, con la colaboraci\u00f3n de ASERPA\/FEMEPA y el Cabildo de Gran Canaria, una jornada eminentemente pr\u00e1ctica que permitir\u00e1 despejar dudas sobre los beneficios del Autoconsumo. Estamos inmersos en una Transici\u00f3n Energ\u00e9tica sin precedentes. Con unos objetivos europeos del 32% de renovables para [&hellip;]<\/p>\n","protected":false},"author":4,"featured_media":7616,"comment_status":"closed","ping_status":"closed","sticky":false,"template":"","format":"standard","meta":{"_acf_changed":false,"rs_blank_template":"","rs_page_bg_color":"","slide_template_v7":"","footnotes":""},"categories":[1],"tags":[570,93,504,572,702,641,487,525],"class_list":["post-7614","post","type-post","status-publish","format-standard","has-post-thumbnail","hentry","category-sin-categoria","tag-appa","tag-aserpa","tag-autoconsumo","tag-eerr","tag-energia-eolica","tag-energia-solar-fotovoltaica","tag-energias-renovables","tag-transicion-energetica"],"acf":[],"_links":{"self":[{"href":"https:\/\/femepa.org\/web\/wp-json\/wp\/v2\/posts\/7614","targetHints":{"allow":["GET"]}}],"collection":[{"href":"https:\/\/femepa.org\/web\/wp-json\/wp\/v2\/posts"}],"about":[{"href":"https:\/\/femepa.org\/web\/wp-json\/wp\/v2\/types\/post"}],"author":[{"embeddable":true,"href":"https:\/\/femepa.org\/web\/wp-json\/wp\/v2\/users\/4"}],"replies":[{"embeddable":true,"href":"https:\/\/femepa.org\/web\/wp-json\/wp\/v2\/comments?post=7614"}],"version-history":[{"count":0,"href":"https:\/\/femepa.org\/web\/wp-json\/wp\/v2\/posts\/7614\/revisions"}],"wp:featuredmedia":[{"embeddable":true,"href":"https:\/\/femepa.org\/web\/wp-json\/wp\/v2\/media\/7616"}],"wp:attachment":[{"href":"https:\/\/femepa.org\/web\/wp-json\/wp\/v2\/media?parent=7614"}],"wp:term":[{"taxonomy":"category","embeddable":true,"href":"https:\/\/femepa.org\/web\/wp-json\/wp\/v2\/categories?post=7614"},{"taxonomy":"post_tag","embeddable":true,"href":"https:\/\/femepa.org\/web\/wp-json\/wp\/v2\/tags?post=7614"}],"curies":[{"name":"wp","href":"https:\/\/api.w.org\/{rel}","templated":true}]}}