{"id":7628,"date":"2019-01-31T08:16:23","date_gmt":"2019-01-31T08:16:23","guid":{"rendered":"http:\/\/femepa.org\/web\/?p=7628"},"modified":"2019-01-31T08:16:23","modified_gmt":"2019-01-31T08:16:23","slug":"representantes-de-los-paises-senegal-mauritania-cabo-verde-azores-y-madeira-visitan-las-instalaciones-de-formacion-de-femepa","status":"publish","type":"post","link":"https:\/\/femepa.org\/web\/representantes-de-los-paises-senegal-mauritania-cabo-verde-azores-y-madeira-visitan-las-instalaciones-de-formacion-de-femepa\/","title":{"rendered":"Representantes de la UE en los pa\u00edses Senegal, Mauritania, Cabo Verde, Azores y Madeira visitan las instalaciones de Formaci\u00f3n de Femepa."},"content":{"rendered":"<p>Hoy d\u00eda 30 de enero ha tenido lugar la visita de los representantes de las regiones que participan en el Proyecto Estrat\u00e9gico Hexagone: Azores, Cabo Verde, Madeira, Mauritania, Senegal y Canarias.<\/p>\n<p>El presidente de Femepa, Vicente Marreo; el secretario general, Juan Carlos Betancor y el director de Formaci\u00f3n y Empleo, V\u00edctor Rubio, recibieron a la comitiva integrada por la embajadora de la Uni\u00f3n Europea en Cabo Verde, Sra. Sof\u00eda Moreira de Soussa; el director general de Asuntos Econ\u00f3micos y con \u00c1frica del Gobierno de Canarias; el jefe de Cooperaci\u00f3n de la Delegaci\u00f3n de la Uni\u00f3n Europea en Senegal. Sra. C\u00e9cile Tassin-Pelzer; el jefe de Cooperaci\u00f3n de la Delegaci\u00f3n de la Uni\u00f3n Europea en Mauritania, Sr. Enrico Colombo; el responsable de Cooperaci\u00f3n de la Delegaci\u00f3n de la Uni\u00f3n Europea en Cabo Verde, Sr. Guilherme Bragan\u00e7a; t\u00e9cnico de la Direcci\u00f3n de Asuntos Europeos del Gobierno de Azores, Sr. Rog\u00e9rio Martins; jefe de la Divisi\u00f3n de la Direcci\u00f3n de Asuntos Europeos y Cooperaci\u00f3n Externa del Gobierno de Madeira, Sra. Patricia Chaves; t\u00e9cnico de la Direcci\u00f3n de Asuntos Europeos y Cooperaci\u00f3n Externa del Gobierno de Madeira, Sra. Liseta Cabrita; t\u00e9cnico de la Direcci\u00f3n General de Asuntos Econ\u00f3micos con \u00c1frica del Gobierno de Canarias.<\/p>\n<p>Este proyecto est\u00e1 financiado por la Uni\u00f3n Europea, a trav\u00e9s de los fondos FEDER , cuya finalidad es la ayuda para el desarrollo econ\u00f3mico de las regiones deprimidas de la Uni\u00f3n Europea. Tiene a Canarias como eje de fila.<\/p>\n<p>En la visita, los representantes de las regiones indicadas, han podido conocer las instalaciones de Femepa y los diferentes proyectos formativos que ejecutan en la actualidad, tomando especial consciencia de la importancia de la relaci\u00f3n directa entre los centros de formaci\u00f3n y las empresas locales para favorecer la inserci\u00f3n laboral de los participantes.<\/p>\n","protected":false},"excerpt":{"rendered":"<p>Hoy d\u00eda 30 de enero ha tenido lugar la visita de los representantes de las regiones que participan en el Proyecto Estrat\u00e9gico Hexagone: Azores, Cabo Verde, Madeira, Mauritania, Senegal y Canarias. El presidente de Femepa, Vicente Marreo; el secretario general, Juan Carlos Betancor y el director de Formaci\u00f3n y Empleo, V\u00edctor Rubio, recibieron a la [&hellip;]<\/p>\n","protected":false},"author":4,"featured_media":7629,"comment_status":"closed","ping_status":"closed","sticky":false,"template":"","format":"standard","meta":{"_acf_changed":false,"rs_blank_template":"","rs_page_bg_color":"","slide_template_v7":"","footnotes":""},"categories":[1],"tags":[708,709,180,143,710,91,599,711,712,713],"class_list":["post-7628","post","type-post","status-publish","format-standard","has-post-thumbnail","hentry","category-sin-categoria","tag-azores","tag-cabo-verde","tag-empleo","tag-formacion","tag-hexagone","tag-internacionalizacion","tag-mac","tag-madeira","tag-mauritania","tag-senegal"],"acf":[],"_links":{"self":[{"href":"https:\/\/femepa.org\/web\/wp-json\/wp\/v2\/posts\/7628","targetHints":{"allow":["GET"]}}],"collection":[{"href":"https:\/\/femepa.org\/web\/wp-json\/wp\/v2\/posts"}],"about":[{"href":"https:\/\/femepa.org\/web\/wp-json\/wp\/v2\/types\/post"}],"author":[{"embeddable":true,"href":"https:\/\/femepa.org\/web\/wp-json\/wp\/v2\/users\/4"}],"replies":[{"embeddable":true,"href":"https:\/\/femepa.org\/web\/wp-json\/wp\/v2\/comments?post=7628"}],"version-history":[{"count":0,"href":"https:\/\/femepa.org\/web\/wp-json\/wp\/v2\/posts\/7628\/revisions"}],"wp:featuredmedia":[{"embeddable":true,"href":"https:\/\/femepa.org\/web\/wp-json\/wp\/v2\/media\/7629"}],"wp:attachment":[{"href":"https:\/\/femepa.org\/web\/wp-json\/wp\/v2\/media?parent=7628"}],"wp:term":[{"taxonomy":"category","embeddable":true,"href":"https:\/\/femepa.org\/web\/wp-json\/wp\/v2\/categories?post=7628"},{"taxonomy":"post_tag","embeddable":true,"href":"https:\/\/femepa.org\/web\/wp-json\/wp\/v2\/tags?post=7628"}],"curies":[{"name":"wp","href":"https:\/\/api.w.org\/{rel}","templated":true}]}}