{"id":7669,"date":"2019-02-07T10:41:12","date_gmt":"2019-02-07T10:41:12","guid":{"rendered":"http:\/\/femepa.org\/web\/?p=7669"},"modified":"2019-02-07T10:41:12","modified_gmt":"2019-02-07T10:41:12","slug":"ofertas-de-empleo-activas-en-la-agencia-de-colocacion-de-femepa","status":"publish","type":"post","link":"https:\/\/femepa.org\/web\/ofertas-de-empleo-activas-en-la-agencia-de-colocacion-de-femepa\/","title":{"rendered":"Ofertas de empleo activas en la Agencia de Colocaci\u00f3n de Femepa"},"content":{"rendered":"<p>Desde Femepa ponemos gran empe\u00f1o en atender a las personas que se encuentra buscando empleo, gui\u00e1ndolos durante el proceso.<\/p>\n<p>Para ello disponemos de nuestra Agencia de Colocaci\u00f3n, en la que encontrar\u00e1s m\u00e1s de 40 ofertas de empleo activas. Puedes consultarlas en\u00a0<a href=\"https:\/\/empleo.femepa.org\/ofertas\">https:\/\/empleo.femepa.org\/ofertas<\/a><\/p>\n<p>Algunas de ellas son las siguientes:<\/p>\n<table style=\"height: 1538px;\" width=\"1057\">\n<tbody>\n<tr>\n<td style=\"text-align: center;\" width=\"451\"><strong>OFERTAS\u00a0<\/strong><\/td>\n<td style=\"text-align: center;\" width=\"212\"><strong>MUNICIPIOS<\/strong><\/td>\n<\/tr>\n<tr>\n<td style=\"text-align: center;\"><strong>FRIO, CLIMATIZACI\u00d3N Y CALOR\u00cdFICAS<\/strong><\/td>\n<td><\/td>\n<\/tr>\n<tr>\n<td>FRIGORISTA ELECTROMECANICO\/A OFICIAL 1\u00aa<\/td>\n<td>LAS PALMAS DE GRAN CANARIA<\/td>\n<\/tr>\n<tr>\n<td>T\u00c9CNICO DE MANTENIMIENTO DE INSTALACIONES DE FR\u00cdO INDUSTRIAL<\/td>\n<td>TELDE<\/td>\n<\/tr>\n<tr>\n<td>CONDUCTERO\/A\u00a0 DE CHAPA Y FIBRA (OFICIAL DE 1\u00aa)<\/td>\n<td>TELDE<\/td>\n<\/tr>\n<tr>\n<td>OFICIAL FRIGORISTA CON EXPERIENCIA EN AIRE ACONDICIONADO<\/td>\n<td>LAS PALMAS DE GRAN CANARIA<\/td>\n<\/tr>\n<tr>\n<td style=\"text-align: center;\"><strong>INFORM\u00c1TICA<\/strong><\/td>\n<td><\/td>\n<\/tr>\n<tr>\n<td>T\u00c9CNICO DE DESARROLLO DE GESTI\u00d3N<\/td>\n<td>TELDE<\/td>\n<\/tr>\n<tr>\n<td>T\u00c9CNICO INFORM\u00c1TICO<\/td>\n<td>ARRECIFE<\/td>\n<\/tr>\n<tr>\n<td style=\"text-align: center;\"><strong>AUTOMOCI\u00d3N<\/strong><\/td>\n<td><\/td>\n<\/tr>\n<tr>\n<td>ELECTROMEC\u00c1NICO\/A DE VEH\u00cdCULOS<\/td>\n<td>AG\u00dcIMES<\/td>\n<\/tr>\n<tr>\n<td>RECEPCIONISTA DE VEH\u00cdCULOS<\/td>\n<td>VECINDARIO<\/td>\n<\/tr>\n<tr>\n<td>PINTOR\/A DE CARROCER\u00cdA DE VEH\u00cdCULOS<\/td>\n<td>LAS PALMAS DE GRAN CANARIA<\/td>\n<\/tr>\n<tr>\n<td>CHAPISTA DE VEH\u00cdCULO<\/td>\n<td>ARRECIFE<\/td>\n<\/tr>\n<tr>\n<td>ELECTROMEC\u00c1NICO\/A DE VEH\u00cdCULO<\/td>\n<td>LAS PALMAS DE GRAN CANARIA<\/td>\n<\/tr>\n<tr>\n<td>MEC\u00c1NICO\/A DE VEH\u00cdCULOS<\/td>\n<td>MORRO JABLE<\/td>\n<\/tr>\n<tr>\n<td style=\"text-align: center;\"><strong>INSTALACIONES EL\u00c9CTRICAS Y FOTOVOLT\u00c1ICAS<\/strong><\/td>\n<td><\/td>\n<\/tr>\n<tr>\n<td>ELECTRICISTAS<\/td>\n<td>LAS PALMAS DE GRAN CANARIA<\/td>\n<\/tr>\n<tr>\n<td>T\u00c9CNICO ELECTRICISTA CON CONOCIMIENTOS DE FOTOVOLTAICA<\/td>\n<td>LAS PALMAS DE GRAN CANARIA<\/td>\n<\/tr>\n<tr>\n<td width=\"451\">T\u00c9CNICO INSTALADOR\/A -MANTENIMIENTO DE EQUIPOS PROTECCI\u00d3N<br \/>\nCONTRA INCENDIO<\/td>\n<td>AG\u00dcIMES<\/td>\n<\/tr>\n<tr>\n<td>PE\u00d3N ESPECIALISTA EN ELECTRICIDAD<\/td>\n<td>ARRECIFE<\/td>\n<\/tr>\n<tr>\n<td>OFICIAL DE 1\u00aa ELECTRICISTA<\/td>\n<td>ARRECIFE<\/td>\n<\/tr>\n<tr>\n<td style=\"text-align: center;\"><strong>INGENIER\u00cdAS<\/strong><\/td>\n<td><\/td>\n<\/tr>\n<tr>\n<td>DELINEANTE PROYECTISTA SOLIDWORKS<\/td>\n<td>LAS PALMAS DE GRAN CANARIA<\/td>\n<\/tr>\n<tr>\n<td>JEFE\/A DE LOG\u00cdSTICA PARA PLATAFORMA DE FRUTAS Y VERDURAS<\/td>\n<td>TELDE<\/td>\n<\/tr>\n<tr>\n<td>T\u00c9CNICO DE CONTROL DE CALIDAD Y MEDIO AMBIENTE<\/td>\n<td>TELDE<\/td>\n<\/tr>\n<tr>\n<td>JEFE\/A DE OBRA<\/td>\n<td>ARRECIFE<\/td>\n<\/tr>\n<tr>\n<td style=\"text-align: center;\"><strong>SOLDADURA Y CARPINTER\u00cdA MET\u00c1LICA<\/strong><\/td>\n<td><\/td>\n<\/tr>\n<tr>\n<td>SOLDADOR\/A CARPINTERO\/A MET\u00c1LICO<\/td>\n<td>LAS PALMAS DE GRAN CANARIA<\/td>\n<\/tr>\n<tr>\n<td>SOLDADOR\/A<\/td>\n<td>ARRECIFE<\/td>\n<\/tr>\n<tr>\n<td style=\"text-align: center;\"><strong>CARPINTER\u00cdA DE ALUMINIO<\/strong><\/td>\n<td><\/td>\n<\/tr>\n<tr>\n<td>CARPINTERO\/A DE ALUMINIO<\/td>\n<td>TELDE<\/td>\n<\/tr>\n<tr>\n<td style=\"text-align: center;\"><strong>DOCENCIA\u00a0<\/strong><\/td>\n<td><\/td>\n<\/tr>\n<tr>\n<td>DOCENTE DE MEC\u00c1NICA DE VEH\u00cdCULOS<\/td>\n<td>LAS PALMAS DE GRAN CANARIA<\/td>\n<\/tr>\n<tr>\n<td style=\"text-align: center;\"><strong>FONTANER\u00cdA<\/strong><\/td>\n<td><\/td>\n<\/tr>\n<tr>\n<td>TORNERO\/A Y\/O\u00a0 FONTANERO\/A<\/td>\n<td>LAS PALMAS DE GRAN CANARIA<\/td>\n<\/tr>\n<tr>\n<td style=\"text-align: center;\"><strong>OTROS<\/strong><\/td>\n<td><\/td>\n<\/tr>\n<tr>\n<td>COMERCIAL<\/td>\n<td>ARRECIFE<\/td>\n<\/tr>\n<tr>\n<td>PE\u00d3N TRABAJADOR\/A DE FIBRA DE VIDRIO Y COMPOSITE<\/td>\n<td>LAS PALMAS DE GRAN CANARIA<\/td>\n<\/tr>\n<tr>\n<td>T\u00c9CNICO EN IMPRENTA ESPECIALIZADO\/A EN VINILO<\/td>\n<td>INGENIO<\/td>\n<\/tr>\n<tr>\n<td>T\u00c9CNICO EN REPARACI\u00d3N DE ELECTR\u00d3NICA DE L\u00cdNEA MARR\u00d3N<\/td>\n<td>VECINDARIO<\/td>\n<\/tr>\n<tr>\n<td>T\u00c9CNICO EN AUDIOVISUALES<\/td>\n<td>MASPALOMAS<\/td>\n<\/tr>\n<tr>\n<td>T\u00c9CNICO APLICADOR\/A CONTROL DE PLAGAS<\/td>\n<td>LAS PALMAS DE GRAN CANARIA<\/td>\n<\/tr>\n<\/tbody>\n<\/table>\n<p>&nbsp;<\/p>\n<p>Para cualquier consulta, puede dirigirse al 928 474 089 (Carmen Vega) o al correo carmen.vega@femepa.es<\/p>\n","protected":false},"excerpt":{"rendered":"<p>Desde Femepa ponemos gran empe\u00f1o en atender a las personas que se encuentra buscando empleo, gui\u00e1ndolos durante el proceso. Para ello disponemos de nuestra Agencia de Colocaci\u00f3n, en la que encontrar\u00e1s m\u00e1s de 40 ofertas de empleo activas. Puedes consultarlas en\u00a0https:\/\/empleo.femepa.org\/ofertas Algunas de ellas son las siguientes: OFERTAS\u00a0 MUNICIPIOS FRIO, CLIMATIZACI\u00d3N Y CALOR\u00cdFICAS FRIGORISTA ELECTROMECANICO\/A [&hellip;]<\/p>\n","protected":false},"author":4,"featured_media":7677,"comment_status":"closed","ping_status":"closed","sticky":false,"template":"","format":"standard","meta":{"_acf_changed":false,"rs_blank_template":"","rs_page_bg_color":"","slide_template_v7":"","footnotes":""},"categories":[1],"tags":[380,697,725,180,726,727,728,729,730,508],"class_list":["post-7669","post","type-post","status-publish","format-standard","has-post-thumbnail","hentry","category-sin-categoria","tag-busqueda","tag-desempleados","tag-electricista","tag-empleo","tag-fontanero","tag-frigorista","tag-informatico","tag-ingeniero","tag-soldador","tag-trabajo"],"acf":[],"_links":{"self":[{"href":"https:\/\/femepa.org\/web\/wp-json\/wp\/v2\/posts\/7669","targetHints":{"allow":["GET"]}}],"collection":[{"href":"https:\/\/femepa.org\/web\/wp-json\/wp\/v2\/posts"}],"about":[{"href":"https:\/\/femepa.org\/web\/wp-json\/wp\/v2\/types\/post"}],"author":[{"embeddable":true,"href":"https:\/\/femepa.org\/web\/wp-json\/wp\/v2\/users\/4"}],"replies":[{"embeddable":true,"href":"https:\/\/femepa.org\/web\/wp-json\/wp\/v2\/comments?post=7669"}],"version-history":[{"count":0,"href":"https:\/\/femepa.org\/web\/wp-json\/wp\/v2\/posts\/7669\/revisions"}],"wp:featuredmedia":[{"embeddable":true,"href":"https:\/\/femepa.org\/web\/wp-json\/wp\/v2\/media\/7677"}],"wp:attachment":[{"href":"https:\/\/femepa.org\/web\/wp-json\/wp\/v2\/media?parent=7669"}],"wp:term":[{"taxonomy":"category","embeddable":true,"href":"https:\/\/femepa.org\/web\/wp-json\/wp\/v2\/categories?post=7669"},{"taxonomy":"post_tag","embeddable":true,"href":"https:\/\/femepa.org\/web\/wp-json\/wp\/v2\/tags?post=7669"}],"curies":[{"name":"wp","href":"https:\/\/api.w.org\/{rel}","templated":true}]}}