{"id":7689,"date":"2019-02-08T14:07:19","date_gmt":"2019-02-08T14:07:19","guid":{"rendered":"http:\/\/femepa.org\/web\/?p=7689"},"modified":"2019-02-08T14:07:19","modified_gmt":"2019-02-08T14:07:19","slug":"jornada-beneficios-directos-del-autoconsumo-en-canarias-para-empresas-y-particulares","status":"publish","type":"post","link":"https:\/\/femepa.org\/web\/jornada-beneficios-directos-del-autoconsumo-en-canarias-para-empresas-y-particulares\/","title":{"rendered":"Jornada &#8220;Beneficios Directos del Autoconsumo en Canarias para Empresas y Particulares&#8221;"},"content":{"rendered":"<p>El pasado 6 de febrero, en Arinaga tuvo lugar la jornada <strong>&#8220;Beneficios directos del Autoconsumo en Canarias para empresas y particulares&#8221;<\/strong> organizada por APPA Renovables y en donde colaboraba ASERPA\/FEMEPA junto con el Cabildo de Gran Canarias y las asociaciones del PI de Arinaga AENAGA\/ECOAGA.<\/p>\n<p>Esta ha sido la primera de los numerosas jornadas que APPA organizar\u00e1 sobre esta tem\u00e1tica en todo el territorio espa\u00f1ol. El evento un fue un \u00e9xito tanto por la calidad de sus ponentes como en participaci\u00f3n (se tuvo que cerrar la inscripci\u00f3n varios d\u00edas antes del evento debido a que se llen\u00f3 el cupo). La apertura la llevaron a cabo el Presidente del Cabildo de GC, <strong>D. Antonio Morales<\/strong>, y el Director General de APPA, <strong>D. Jos\u00e9 Mar\u00eda Gonzalez.<\/strong> La clausura del mismo la realizaron el Presidente de FEMEPA, <strong>D. Vicente Marrero<\/strong> y el Viceconsejero de Industria, Energ\u00eda y Comercio del GobCan, <strong>D. Gonzalo Piernavieja.<\/strong><\/p>\n<p>Nos encontramos en un momento clave del sector debido a la transici\u00f3n energ\u00e9tica que se avecina a trav\u00e9s de las pr\u00f3ximos cambios normativos (Real Decreto Autoconsumo, Ley del Cambio Clim\u00e1tico y Transici\u00f3n Energ\u00e9tica,&#8230;)<\/p>\n","protected":false},"excerpt":{"rendered":"<p>El pasado 6 de febrero, en Arinaga tuvo lugar la jornada &#8220;Beneficios directos del Autoconsumo en Canarias para empresas y particulares&#8221; organizada por APPA Renovables y en donde colaboraba ASERPA\/FEMEPA junto con el Cabildo de Gran Canarias y las asociaciones del PI de Arinaga AENAGA\/ECOAGA. Esta ha sido la primera de los numerosas jornadas que [&hellip;]<\/p>\n","protected":false},"author":4,"featured_media":7690,"comment_status":"closed","ping_status":"closed","sticky":false,"template":"","format":"standard","meta":{"_acf_changed":false,"rs_blank_template":"","rs_page_bg_color":"","slide_template_v7":"","footnotes":""},"categories":[1],"tags":[735,736,93,504,94,737,174,225,738],"class_list":["post-7689","post","type-post","status-publish","format-standard","has-post-thumbnail","hentry","category-sin-categoria","tag-aenaga","tag-arinaga","tag-aserpa","tag-autoconsumo","tag-cabildo","tag-ecoaga","tag-empresas","tag-gran-canaria","tag-particulares-renovables"],"acf":[],"_links":{"self":[{"href":"https:\/\/femepa.org\/web\/wp-json\/wp\/v2\/posts\/7689","targetHints":{"allow":["GET"]}}],"collection":[{"href":"https:\/\/femepa.org\/web\/wp-json\/wp\/v2\/posts"}],"about":[{"href":"https:\/\/femepa.org\/web\/wp-json\/wp\/v2\/types\/post"}],"author":[{"embeddable":true,"href":"https:\/\/femepa.org\/web\/wp-json\/wp\/v2\/users\/4"}],"replies":[{"embeddable":true,"href":"https:\/\/femepa.org\/web\/wp-json\/wp\/v2\/comments?post=7689"}],"version-history":[{"count":0,"href":"https:\/\/femepa.org\/web\/wp-json\/wp\/v2\/posts\/7689\/revisions"}],"wp:featuredmedia":[{"embeddable":true,"href":"https:\/\/femepa.org\/web\/wp-json\/wp\/v2\/media\/7690"}],"wp:attachment":[{"href":"https:\/\/femepa.org\/web\/wp-json\/wp\/v2\/media?parent=7689"}],"wp:term":[{"taxonomy":"category","embeddable":true,"href":"https:\/\/femepa.org\/web\/wp-json\/wp\/v2\/categories?post=7689"},{"taxonomy":"post_tag","embeddable":true,"href":"https:\/\/femepa.org\/web\/wp-json\/wp\/v2\/tags?post=7689"}],"curies":[{"name":"wp","href":"https:\/\/api.w.org\/{rel}","templated":true}]}}