{"id":7702,"date":"2019-02-12T10:10:59","date_gmt":"2019-02-12T10:10:59","guid":{"rendered":"http:\/\/femepa.org\/web\/?p=7702"},"modified":"2019-02-12T10:10:59","modified_gmt":"2019-02-12T10:10:59","slug":"clausura-pfae-conectados-montaje-y-mantenimiento-de-sistemas-de-telefonia-e-infraestructuras-de-redes-locales-de-datos","status":"publish","type":"post","link":"https:\/\/femepa.org\/web\/clausura-pfae-conectados-montaje-y-mantenimiento-de-sistemas-de-telefonia-e-infraestructuras-de-redes-locales-de-datos\/","title":{"rendered":"Clausura PFAE &#8220;Conectados&#8221; (Montaje y Mantenimiento de Sistemas de Telefon\u00eda e Infraestructuras de Redes Locales de Datos)."},"content":{"rendered":"<p>El pasado jueves 7 de febrero tuvo lugar la <strong>clausura del PFAE<\/strong> &#8220;Conectados&#8221;, en las instalaciones de Femepa en El Sebadal.<\/p>\n<p>Al acto acudieron representantes de las entidades participantes en el proyecto. Por parte del Servicio Canario de Empleo, la t\u00e9cnico programas PFAE<strong> Carmen S\u00e1nchez<\/strong>; el\u00a0 Vicepresidente de Femepa y Presidente de\u00a0AIELPA,\u00a0 <strong>V\u00edctor S\u00e1nchez<\/strong>;\u00a0 el director de formaci\u00f3n y empleo de Femepa, <strong>V\u00edctor Rubio;<\/strong> as\u00ed como representantes de las empresas en las que los alumnos han desarrollado sus trabajos: <strong>Alse Telecom, Intelga y Cemetelga.<\/strong><\/p>\n<p>Este programa de formaci\u00f3n en alternancia con el empleo, participaron <strong>15 trabajadores menores de 3<\/strong>0, que durante 11 meses han adquirido las competencias necesarias para desarrollar trabajos relacionados con el Montaje y Mantenimiento de Sistemas de Telefon\u00eda e Infraestructuras de Redes Locales de Datos, un sector con gran necesidad de incorporar personal cualificado.<\/p>\n<p>En el acto se hizo entrega de los diploma a los alumnos y de placas a las empresas que han apostado por la contrataci\u00f3n de los participantes de este proyecto.<\/p>\n<p>Los alumnos han obtenido el certificado de profesionalidad mencionado, m\u00e1s formaci\u00f3n complementaria en PRL, TPM y TPC, que har\u00e1 posible la estabilidad laboral en este sector.<\/p>\n","protected":false},"excerpt":{"rendered":"<p>El pasado jueves 7 de febrero tuvo lugar la clausura del PFAE &#8220;Conectados&#8221;, en las instalaciones de Femepa en El Sebadal. Al acto acudieron representantes de las entidades participantes en el proyecto. Por parte del Servicio Canario de Empleo, la t\u00e9cnico programas PFAE Carmen S\u00e1nchez; el\u00a0 Vicepresidente de Femepa y Presidente de\u00a0AIELPA,\u00a0 V\u00edctor S\u00e1nchez;\u00a0 el [&hellip;]<\/p>\n","protected":false},"author":4,"featured_media":7704,"comment_status":"closed","ping_status":"closed","sticky":false,"template":"","format":"standard","meta":{"_acf_changed":false,"rs_blank_template":"","rs_page_bg_color":"","slide_template_v7":"","footnotes":""},"categories":[1],"tags":[745,64,746,747,279,748],"class_list":["post-7702","post","type-post","status-publish","format-standard","has-post-thumbnail","hentry","category-sin-categoria","tag-competencias","tag-femepa","tag-habilidades-telefonia","tag-menores-de-30","tag-pfae","tag-redes-locales-de-datos"],"acf":[],"_links":{"self":[{"href":"https:\/\/femepa.org\/web\/wp-json\/wp\/v2\/posts\/7702","targetHints":{"allow":["GET"]}}],"collection":[{"href":"https:\/\/femepa.org\/web\/wp-json\/wp\/v2\/posts"}],"about":[{"href":"https:\/\/femepa.org\/web\/wp-json\/wp\/v2\/types\/post"}],"author":[{"embeddable":true,"href":"https:\/\/femepa.org\/web\/wp-json\/wp\/v2\/users\/4"}],"replies":[{"embeddable":true,"href":"https:\/\/femepa.org\/web\/wp-json\/wp\/v2\/comments?post=7702"}],"version-history":[{"count":0,"href":"https:\/\/femepa.org\/web\/wp-json\/wp\/v2\/posts\/7702\/revisions"}],"wp:featuredmedia":[{"embeddable":true,"href":"https:\/\/femepa.org\/web\/wp-json\/wp\/v2\/media\/7704"}],"wp:attachment":[{"href":"https:\/\/femepa.org\/web\/wp-json\/wp\/v2\/media?parent=7702"}],"wp:term":[{"taxonomy":"category","embeddable":true,"href":"https:\/\/femepa.org\/web\/wp-json\/wp\/v2\/categories?post=7702"},{"taxonomy":"post_tag","embeddable":true,"href":"https:\/\/femepa.org\/web\/wp-json\/wp\/v2\/tags?post=7702"}],"curies":[{"name":"wp","href":"https:\/\/api.w.org\/{rel}","templated":true}]}}