{"id":7765,"date":"2019-02-14T15:05:31","date_gmt":"2019-02-14T15:05:31","guid":{"rendered":"http:\/\/femepa.org\/web\/?p=7765"},"modified":"2019-02-14T15:05:31","modified_gmt":"2019-02-14T15:05:31","slug":"acuerdo-entre-servicio-canario-de-empleo-y-cabildo-en-materia-de-orientacion-profesional","status":"publish","type":"post","link":"https:\/\/femepa.org\/web\/acuerdo-entre-servicio-canario-de-empleo-y-cabildo-en-materia-de-orientacion-profesional\/","title":{"rendered":"Acuerdo entre Servicio Canario de Empleo y Cabildo en materia de Orientaci\u00f3n Profesional."},"content":{"rendered":"<p>La semana pasada tuvo lugar el encuentro entre t\u00e9cnicos del <strong>Cabildo de Gran Canaria<\/strong>, <strong>Servicio Canario de Empleo<\/strong>, <strong>Femepa<\/strong> y <strong>Creativa.<\/strong><\/p>\n<p>En la reuni\u00f3n, estuvo presente la subdirectora de promoci\u00f3n de la econom\u00eda social e intermedia del Servicio Canario de Empleo, \u00a0Maria Teresa Covisa. Con ella se trat\u00f3 el acuerdo para una colaboraci\u00f3n entre el Cabildo y el S.C.E., que consta en sondear desempleados de los distintos municipios a trav\u00e9s del programa SISPECAN, \u00a0para que los usuarios con bajo nivel formativo, \u00a0inscritos en las diferentes oficinas de empleo, puedan ser part\u00edcipes de los Programas de Orientaci\u00f3n que lleva a cabo el Cabildo de Gran Canaria a trav\u00e9s de las 2 entidades adjudicatarias: Femepa\u00a0 y Creativa.<\/p>\n<p>Con este acuerdo se pretende llegar a un mayor n\u00famero de trabajadores\/as desempleados\/as, en los que la orientaci\u00f3n profesional resultar\u00e1 un impulso en la b\u00fasqueda de empleo.<\/p>\n","protected":false},"excerpt":{"rendered":"<p>La semana pasada tuvo lugar el encuentro entre t\u00e9cnicos del Cabildo de Gran Canaria, Servicio Canario de Empleo, Femepa y Creativa. En la reuni\u00f3n, estuvo presente la subdirectora de promoci\u00f3n de la econom\u00eda social e intermedia del Servicio Canario de Empleo, \u00a0Maria Teresa Covisa. Con ella se trat\u00f3 el acuerdo para una colaboraci\u00f3n entre el [&hellip;]<\/p>\n","protected":false},"author":4,"featured_media":7768,"comment_status":"closed","ping_status":"closed","sticky":false,"template":"","format":"standard","meta":{"_acf_changed":false,"rs_blank_template":"","rs_page_bg_color":"","slide_template_v7":"","footnotes":""},"categories":[1],"tags":[749,750,697,180,64,667,751,508],"class_list":["post-7765","post","type-post","status-publish","format-standard","has-post-thumbnail","hentry","category-sin-categoria","tag-cabildo-gran-canaria","tag-creativa","tag-desempleados","tag-empleo","tag-femepa","tag-orientacion-profesional","tag-servicio-canario-empleo","tag-trabajo"],"acf":[],"_links":{"self":[{"href":"https:\/\/femepa.org\/web\/wp-json\/wp\/v2\/posts\/7765","targetHints":{"allow":["GET"]}}],"collection":[{"href":"https:\/\/femepa.org\/web\/wp-json\/wp\/v2\/posts"}],"about":[{"href":"https:\/\/femepa.org\/web\/wp-json\/wp\/v2\/types\/post"}],"author":[{"embeddable":true,"href":"https:\/\/femepa.org\/web\/wp-json\/wp\/v2\/users\/4"}],"replies":[{"embeddable":true,"href":"https:\/\/femepa.org\/web\/wp-json\/wp\/v2\/comments?post=7765"}],"version-history":[{"count":0,"href":"https:\/\/femepa.org\/web\/wp-json\/wp\/v2\/posts\/7765\/revisions"}],"wp:featuredmedia":[{"embeddable":true,"href":"https:\/\/femepa.org\/web\/wp-json\/wp\/v2\/media\/7768"}],"wp:attachment":[{"href":"https:\/\/femepa.org\/web\/wp-json\/wp\/v2\/media?parent=7765"}],"wp:term":[{"taxonomy":"category","embeddable":true,"href":"https:\/\/femepa.org\/web\/wp-json\/wp\/v2\/categories?post=7765"},{"taxonomy":"post_tag","embeddable":true,"href":"https:\/\/femepa.org\/web\/wp-json\/wp\/v2\/tags?post=7765"}],"curies":[{"name":"wp","href":"https:\/\/api.w.org\/{rel}","templated":true}]}}