{"id":7769,"date":"2019-02-16T08:30:46","date_gmt":"2019-02-16T08:30:46","guid":{"rendered":"http:\/\/femepa.org\/web\/?p=7769"},"modified":"2019-02-16T08:30:46","modified_gmt":"2019-02-16T08:30:46","slug":"jornadas-de-empleo-e-impacto-social","status":"publish","type":"post","link":"https:\/\/femepa.org\/web\/jornadas-de-empleo-e-impacto-social\/","title":{"rendered":"Jornadas de Empleo e Impacto Social"},"content":{"rendered":"<p>El <strong>Cabildo de Gran Canaria<\/strong> ha organizado para el pr\u00f3ximo lunes 18 de febrero las Jornadas de Empleo e Impacto Social.<\/p>\n<p>El programa es el siguiente:<\/p>\n<p><strong>09.00 Recepci\u00f3n y acreditaci\u00f3n de participantes<\/strong><br \/>\n09.30 Acto inaugural<br \/>\nD. Antonio Morales M\u00e9ndez<br \/>\nSr. Presidente del Cabildo Insular de Gran Canaria<br \/>\nD. Gilberto D\u00edaz Jim\u00e9nez<br \/>\nSr. Consejero de Empleo y Transparencia del Cabildo Insular de Gran Canaria<\/p>\n<p><strong>10.00 Conferencia inaugural<\/strong><br \/>\nIniciativas innovadoras para la promoci\u00f3n del empleo sostenible y del emprendimiento en los pa\u00edses de la UE<br \/>\nD. Peter Tomlinson<br \/>\nExperto en desarrollo empresarial y ex-responsable del Departamento de Desarrollo Empresarial del Centro Internacional de Formaci\u00f3n de la OIT en Tur\u00edn, Italia<\/p>\n<p><strong>11:00 Pausa \u2013 Caf\u00e9<\/strong><\/p>\n<p><strong>11.25 Experiencias e iniciativas en la promoci\u00f3n del Empleo<\/strong><br \/>\nD\u00f1a. Marta Etxebarr\u00eda Ubis<br \/>\nSra. Directora de Activaci\u00f3n Laboral del Servicio Vasco de Empleo (Lanbide)<br \/>\nD. Sergio Fernando Alonso Rodr\u00edguez<br \/>\nSr. Director General del Servicio Canario de Empleo<br \/>\nD. Peter Tomlinson<br \/>\nExperto en desarrollo empresarial y ex-responsable del Departamento de Desarrollo Empresarial del Centro Internacional de Formaci\u00f3n de la OIT en Tur\u00edn, Italia<br \/>\nD. Gilberto D\u00edaz Jim\u00e9nez<br \/>\nSr. Consejero de Empleo y Transparencia del Cabildo Insular de Gran Canaria<\/p>\n<p>&nbsp;<\/p>\n<p><strong>12.30 Proyectos en el marco del \u201cPlan Integral de Empleo y Desarrollo Local de Gran Canaria (PIEDEL -GC): Exposici\u00f3n de buenas pr\u00e1cticas<\/strong><br \/>\nD\u00f1a. Mar\u00eda Esther G\u00e1lvez Rodr\u00edguez<br \/>\nDirectora de la Zona Canarias Fundaci\u00f3n ADSIS<br \/>\nD. Eduardo Manrique de Lara.<br \/>\nDirector Gerente de la Fundaci\u00f3n Universitaria de Las Palmas (FULP)<br \/>\nD. Sergio Armas Robaina<br \/>\nDirector Gerente de la Fundaci\u00f3n Canaria para la Reforestaci\u00f3n (FORESTA)<br \/>\nD. Blas Trujillo Oramas<br \/>\nPresidente de la Fundaci\u00f3n La Caja de Canarias<br \/>\nD. V\u00edctor Rubio Herrera<br \/>\nDirector de Formaci\u00f3n y Empleo de la Federaci\u00f3n Provincial de la Peque\u00f1a y Mediana Empresa del Metal y las Nuevas Tecnolog\u00edas de Las Palmas (FEMEPA)<\/p>\n<p><strong>14.00 Acto de clausura<\/strong><br \/>\nD. Gilberto D\u00edaz Jim\u00e9nez<br \/>\nSr. Consejero de Empleo y Transparencia del Cabildo Insular de Gran Canaria<\/p>\n<p>&nbsp;<\/p>\n<p>Fecha: 18 de febrero de 2019<br \/>\nLugar: Centro Cultural de La Caja de Canarias (CICCA), C\/ Alameda de Col\u00f3n, n\u00ba 1. 35002 &#8211; Las Palmas de Gran Canaria<br \/>\nInscripci\u00f3n:\u00a0<\/p>\n","protected":false},"excerpt":{"rendered":"<p>El Cabildo de Gran Canaria ha organizado para el pr\u00f3ximo lunes 18 de febrero las Jornadas de Empleo e Impacto Social. El programa es el siguiente: 09.00 Recepci\u00f3n y acreditaci\u00f3n de participantes 09.30 Acto inaugural D. Antonio Morales M\u00e9ndez Sr. Presidente del Cabildo Insular de Gran Canaria D. Gilberto D\u00edaz Jim\u00e9nez Sr. Consejero de Empleo [&hellip;]<\/p>\n","protected":false},"author":4,"featured_media":7771,"comment_status":"closed","ping_status":"closed","sticky":false,"template":"","format":"standard","meta":{"_acf_changed":false,"rs_blank_template":"","rs_page_bg_color":"","slide_template_v7":"","footnotes":""},"categories":[1],"tags":[749,180,143,752,753],"class_list":["post-7769","post","type-post","status-publish","format-standard","has-post-thumbnail","hentry","category-sin-categoria","tag-cabildo-gran-canaria","tag-empleo","tag-formacion","tag-impacto-social","tag-piedel"],"acf":[],"_links":{"self":[{"href":"https:\/\/femepa.org\/web\/wp-json\/wp\/v2\/posts\/7769","targetHints":{"allow":["GET"]}}],"collection":[{"href":"https:\/\/femepa.org\/web\/wp-json\/wp\/v2\/posts"}],"about":[{"href":"https:\/\/femepa.org\/web\/wp-json\/wp\/v2\/types\/post"}],"author":[{"embeddable":true,"href":"https:\/\/femepa.org\/web\/wp-json\/wp\/v2\/users\/4"}],"replies":[{"embeddable":true,"href":"https:\/\/femepa.org\/web\/wp-json\/wp\/v2\/comments?post=7769"}],"version-history":[{"count":0,"href":"https:\/\/femepa.org\/web\/wp-json\/wp\/v2\/posts\/7769\/revisions"}],"wp:featuredmedia":[{"embeddable":true,"href":"https:\/\/femepa.org\/web\/wp-json\/wp\/v2\/media\/7771"}],"wp:attachment":[{"href":"https:\/\/femepa.org\/web\/wp-json\/wp\/v2\/media?parent=7769"}],"wp:term":[{"taxonomy":"category","embeddable":true,"href":"https:\/\/femepa.org\/web\/wp-json\/wp\/v2\/categories?post=7769"},{"taxonomy":"post_tag","embeddable":true,"href":"https:\/\/femepa.org\/web\/wp-json\/wp\/v2\/tags?post=7769"}],"curies":[{"name":"wp","href":"https:\/\/api.w.org\/{rel}","templated":true}]}}