{"id":7860,"date":"2019-02-27T21:19:25","date_gmt":"2019-02-27T21:19:25","guid":{"rendered":"http:\/\/femepa.org\/web\/?p=7860"},"modified":"2019-02-27T21:19:25","modified_gmt":"2019-02-27T21:19:25","slug":"femepa-celebra-una-jornada-por-el-dia-internacional-de-la-mujer","status":"publish","type":"post","link":"https:\/\/femepa.org\/web\/femepa-celebra-una-jornada-por-el-dia-internacional-de-la-mujer\/","title":{"rendered":"Femepa celebra el 7 de marzo una jornada por el D\u00eda Internacional de la Mujer."},"content":{"rendered":"<p>Un a\u00f1o m\u00e1s y con motivo del D\u00eda Internacional de la Mujer, el pr\u00f3ximo 7 de marzo a las 11:00 a.m., Femepa organiza un acto junto con Fundaci\u00f3n Adecco. Conoceremos de primera mano la realidad de empresas y entidades que operan en Canarias en materia de igualdad de oportunidades entre mujeres y hombres.<\/p>\n<p>Seguimos comprometidos, a\u00f1o tras a\u00f1o, con el objetivo de que las mujeres que atraviesan m\u00e1s dificultades accedan en igualdad de condiciones a un empleo que normalice y dignifique su vida. Esperamos que los testimonios de hoy les sirvan como inspiraci\u00f3n.<\/p>\n<p>En la mesa de apertura contaremos con:<\/p>\n<ul>\n<li>Juan Carlos Betancor Garc\u00eda, secretario general de Femepa.<\/li>\n<li>Cristina Valido Garc\u00eda, consejera de Empleo, Pol\u00edticas Sociales y Vivienda.<\/li>\n<li>Francisco Candil, viceconsejero de Pol\u00edticas Sociales y Vivienda del Gobierno de Canarias.<\/li>\n<li>Mar\u00eda Nebot Cabrera, consejera de Igualdad y Participaci\u00f3n Ciudadana del Cabildo de Gran Canaria.<\/li>\n<li>Isabel Guill\u00e9n Izquierdo, coordinadora Regional de Fundaci\u00f3n Adecco.<\/li>\n<\/ul>\n<p>Nos gustar\u00eda contar contigo y compartir as\u00ed los RETOS Y OPORTUNIDADES que tenemos por delante, generar un debate que nos siga permitiendo avanzar y visibilizar, una vez m\u00e1s, una realidad que a todos nos ata\u00f1e.<\/p>\n<p>Si no pudieses asistir a nuestra jornada, lo podr\u00e1s ver en directo a trav\u00e9s de nuestros canales en Facebook y Twitter, y en diferido a trav\u00e9s de nuestro canal de Youtube.<\/p>\n<p style=\"text-align: center;\"><strong>Programa<\/strong><\/p>\n<p><strong>10:45<\/strong> Recepci\u00f3n y bienvenida<\/p>\n<p><strong>11:00<\/strong> Inauguraci\u00f3n y presentaci\u00f3n<\/p>\n<p>D. Juan Carlos Betancor Garc\u00eda, Secretario General de Femepa<\/p>\n<p>D\u00f1a. Cristina Valido Garc\u00eda, Consejera de Empleo, Pol\u00edticas Sociales y Vivienda del Gobierno de Canarias<\/p>\n<p>D. Francisco Candil Gonz\u00e1lez, Viceconsejero de Pol\u00edticas Sociales y Vivienda del Gobierno de Canarias<\/p>\n<p>D\u00f1a. Mar\u00eda Nebot Cabrera, Consejera de Igualdad y Participaci\u00f3n Ciudadana del Cabildo de Gran Canaria<\/p>\n<p>D\u00f1a. Carmen Hern\u00e1ndez Jorge, Alcaldesa del Ayuntamiento de Telde<\/p>\n<p>D\u00f1a. Isabel Guill\u00e9n Izquierdo, Coordinadora Regional de Fundaci\u00f3n Adecco<\/p>\n<p><strong>11:30<\/strong> Visualizaci\u00f3n del video FEMEPA<\/p>\n<p><strong>11:40<\/strong> Situaci\u00f3n de las empresas, retos y oportunidades<\/p>\n<p>D\u00f1a. Sonia Mart\u00ednez Alcal\u00e1, Gloria Thalasso &amp; Hotels<\/p>\n<p>D\u00f1a. Gemma Tor, GUAGUAS MUNICIPALES<\/p>\n<p>D\u00f1a. Noelia Curbelo, BINTER<\/p>\n<p>D\u00f1a. Laura Dapresa Hern\u00e1ndez, ASINCA<\/p>\n<p><strong>12:10<\/strong> Abordar la brecha digital de g\u00e9nero<\/p>\n<p>D\u00f1a. Esther P\u00e9rez Verd\u00fa, NEMESYS<\/p>\n<p>D\u00f1a. Mireia Marta Scholz D\u00edaz y D\u00f1a. Sara Revilla P\u00e1ez, AdaLoveDev<\/p>\n<p>D\u00f1a. Isabel Planells Chicharro, Data Scientits<\/p>\n<p>D\u00f1a. Elena S\u00e1nchez Liria, MHP<\/p>\n<p>D\u00f1a. Cristelle Iorio, CEIP Pintor N\u00e9stor LPGC<\/p>\n<p><strong>12:40<\/strong> Participaci\u00f3n del p\u00fablico: turno preguntas<\/p>\n<p><strong>13:00<\/strong> Cierre del acto con video de Fundaci\u00f3n Adecco y datos del informe<\/p>\n<p>D\u00f1a. Isabel Guill\u00e9n Izquierdo, Coordinadora Regional de Fundaci\u00f3n Adecco<\/p>\n<p>&nbsp;<\/p>\n<p>La <strong>entrada es libre<\/strong> y tendr\u00e1 lugar en el Sal\u00f3n de Actos de Femepa, en Le\u00f3n y Castillo 89 4\u00aa planta, 35004 Las Palmas de Gran Canaria.<\/p>\n<h2><strong>Inscripci\u00f3n<\/strong> en:\u00a0<\/h2>\n<p><strong>#FemepaIgualdad #D\u00edaInternacionalDeLaMujer #EmpleoParaTodas #M\u00e1sMujeres\u00a0<\/strong><\/p>\n","protected":false},"excerpt":{"rendered":"<p>Un a\u00f1o m\u00e1s y con motivo del D\u00eda Internacional de la Mujer, el pr\u00f3ximo 7 de marzo a las 11:00 a.m., Femepa organiza un acto junto con Fundaci\u00f3n Adecco. Conoceremos de primera mano la realidad de empresas y entidades que operan en Canarias en materia de igualdad de oportunidades entre mujeres y hombres. Seguimos comprometidos, [&hellip;]<\/p>\n","protected":false},"author":4,"featured_media":7861,"comment_status":"closed","ping_status":"closed","sticky":false,"template":"","format":"standard","meta":{"_acf_changed":false,"rs_blank_template":"","rs_page_bg_color":"","slide_template_v7":"","footnotes":""},"categories":[1],"tags":[795,796,797,798,799,209,800,801,400],"class_list":["post-7860","post","type-post","status-publish","format-standard","has-post-thumbnail","hentry","category-sin-categoria","tag-ahoraeselmomento","tag-avanzando-en-la-igualdad","tag-dia-internacional-de-la-mujer","tag-empleoparatodas","tag-femepaigualdad","tag-igualdad","tag-igualdad-de-oportunidades","tag-masmujeres","tag-mujer-trabajadora"],"acf":[],"_links":{"self":[{"href":"https:\/\/femepa.org\/web\/wp-json\/wp\/v2\/posts\/7860","targetHints":{"allow":["GET"]}}],"collection":[{"href":"https:\/\/femepa.org\/web\/wp-json\/wp\/v2\/posts"}],"about":[{"href":"https:\/\/femepa.org\/web\/wp-json\/wp\/v2\/types\/post"}],"author":[{"embeddable":true,"href":"https:\/\/femepa.org\/web\/wp-json\/wp\/v2\/users\/4"}],"replies":[{"embeddable":true,"href":"https:\/\/femepa.org\/web\/wp-json\/wp\/v2\/comments?post=7860"}],"version-history":[{"count":0,"href":"https:\/\/femepa.org\/web\/wp-json\/wp\/v2\/posts\/7860\/revisions"}],"wp:featuredmedia":[{"embeddable":true,"href":"https:\/\/femepa.org\/web\/wp-json\/wp\/v2\/media\/7861"}],"wp:attachment":[{"href":"https:\/\/femepa.org\/web\/wp-json\/wp\/v2\/media?parent=7860"}],"wp:term":[{"taxonomy":"category","embeddable":true,"href":"https:\/\/femepa.org\/web\/wp-json\/wp\/v2\/categories?post=7860"},{"taxonomy":"post_tag","embeddable":true,"href":"https:\/\/femepa.org\/web\/wp-json\/wp\/v2\/tags?post=7860"}],"curies":[{"name":"wp","href":"https:\/\/api.w.org\/{rel}","templated":true}]}}